{"id":1514,"date":"2017-10-13T21:38:45","date_gmt":"2017-10-13T20:38:45","guid":{"rendered":"http:\/\/www.p2-ingenieure.de\/wordpress\/?p=1514"},"modified":"2017-10-13T21:38:45","modified_gmt":"2017-10-13T20:38:45","slug":"das-handwerkerobjekt","status":"publish","type":"post","link":"https:\/\/www.p2-ingenieure.de\/gut\/2017\/10\/13\/das-handwerkerobjekt\/","title":{"rendered":"Das Handwerkerobjekt"},"content":{"rendered":"<p><em>Erschienen im Oktober 2017 im Tagesspiegel<\/em><\/p>\n<h3>Was steht ins Haus?<\/h3>\n<p>Gl\u00fccklicherweise trat vor dem geplanten Wohnungskauf (Altbau, 4.OG) Wasser aus der Decke. Dort waren alte, br\u00fcchige Wasserleitungen sichtbar. Auch ist die Elektroverteilung in der Wohnung nicht mehr zeitgem\u00e4\u00df. Es stehen diese und die Wohnung im DG mit offensichtlich nicht fachgerechter Terrassensanierung zum Verkauf. Kann ich sicher sein, dass die versprochene Sanierung ordnungsgem\u00e4\u00df durchgef\u00fchrt wurde? Wie weit ist jeder Erwerber f\u00fcr seine Wohnung verantwortlich? Wie sieht es mit der undichten Dachterrasse aus? Wer haftet f\u00fcr welchen auftretenden Schaden?<\/p>\n<h3>Was steht im Gesetz?<\/h3>\n<p>Es sind M\u00e4ngel am Sonder- (SE) und Gemeinschaftseigentum (GE) zu unterscheiden. Die Abdichtung, Verteilleitungen in der Decke etc. geh\u00f6ren zum GE, die Elektroverteilung in der Wohnung zum SE. Die nun offensichtlichen M\u00e4ngel muss der Verk\u00e4ufer fachgerecht beseitigen. Grunds\u00e4tzlich ist er nicht verpflichtet, dies mit mehr als einer entsprechenden Erkl\u00e4rung zu unterlegen. Sollte sich im Nachhinein heraus stellen, dass die Mangelbeseitigung nicht erfolgreich war, muss er daf\u00fcr einstehen, denn die M\u00e4ngel waren bekannt. Zeigen sich M\u00e4ngel aber erst nach Ablauf der Verj\u00e4hrungsfrist (5 Jahre), teilen sich die Zust\u00e4ndigkeiten in Sonder- und Gemeinschaftseigentum auf. Um die Terrasse und die Verteilleitungen (GE) muss sich dann die WEG-Hausverwaltung k\u00fcmmern, d.h. es k\u00f6nnen diesbez\u00fcglich auch Kosten auf die Erdgeschossbewohner zukommen. M\u00e4ngel am Sondereigentum bleiben bei Ihnen. Der im Kaufvertrag \u00fcbliche Gew\u00e4hrleistungsausschluss \u201egekauft wie gesehen\u201c betrifft nicht die so genannten \u201eversteckten M\u00e4ngel\u201c oder die, deren Beseitigung zugesichert wurde. Besteht die Sorge, dass die M\u00e4ngelbeseitigung nicht fachgerecht erfolgten k\u00f6nnte, gibt es die M\u00f6glichkeit weitergehender Vereinbarungen, z.B. \u00fcber die Einbindung unbeteiligter Dritter zur \u00dcberpr\u00fcfung der fachgerechten M\u00e4ngelbeseitigung. Hier bietet es sich an, z.B. von der IHK einen Sachverst\u00e4ndigen benannt zu bekommen. Dies muss aber gemeinsam geregelt werden.<\/p>\n<h3>Und wie stehen Sie dazu?<\/h3>\n<p>Der Verkauf von \u201eHandwerkerobjekten\u201c ist beliebt, aber nicht ohne Risiko, jedenfalls ist \u00c4rger vorprogrammiert. Stellen Sie sicher, dass die M\u00e4ngel beseitigt werden, greifen Sie dazu \u2013 gemeinsam mit dem Verk\u00e4ufer- auf einen fremden Dritten zur\u00fcck. Sollten Sch\u00e4den erst nach Ablauf der Verj\u00e4hrungsfrist auftreten, haftet die gesamte Gemeinschaft z.B. f\u00fcr die undichte Terrasse. Auch da liegt dann \u00c4rger in der Luft. Bei der Ausstattung der Wohnung (Elektroverteilung) m\u00fcssen Sie sich beim Verkauf einigen: \u201egekauft wie gesehen\u201c. Seien Sie froh, dass die M\u00e4ngel rechtzeitig aufgetreten sind und Sie noch handeln k\u00f6nnen. Bei diesen Objekten k\u00f6nnen im \u00fcberhitzten Markt leider nicht immer die notwendigen Auffangnetze eingezogen werden, oftmals steht ein anderer Interessent schon bereit, der Ihre Fragen nicht stellt.<\/p>\n","protected":false},"excerpt":{"rendered":"<p>Wie sieht es bei Erwerb einer Immobilie (WEG) mit den vorgefundenen M\u00e4ngeln aus?<\/p>\n","protected":false},"author":1,"featured_media":1486,"comment_status":"closed","ping_status":"open","sticky":false,"template":"page-with-right-sidebar","format":"standard","meta":{"footnotes":""},"categories":[9],"tags":[15,16,17,18,19],"post_series":[],"class_list":["post-1514","post","type-post","status-publish","format-standard","has-post-thumbnail","hentry","category-tagesspiegel","tag-gemeinschaftseigentum","tag-gewaehrleistung","tag-handwerkerhaus","tag-immobilienkauf","tag-sondereigentum","entry","has-media"],"yoast_head":"<!-- This site is optimized with the Yoast SEO plugin v25.9 - https:\/\/yoast.com\/wordpress\/plugins\/seo\/ -->\n<title>Das Handwerkerobjekt - P\u00b2 Ingenieure<\/title>\n<meta name=\"robots\" content=\"index, follow, max-snippet:-1, max-image-preview:large, max-video-preview:-1\" \/>\n<link rel=\"canonical\" href=\"https:\/\/www.p2-ingenieure.de\/gut\/2017\/10\/13\/das-handwerkerobjekt\/\" \/>\n<meta property=\"og:locale\" content=\"de_DE\" \/>\n<meta property=\"og:type\" content=\"article\" \/>\n<meta property=\"og:title\" content=\"Das Handwerkerobjekt - P\u00b2 Ingenieure\" \/>\n<meta property=\"og:description\" content=\"Wie sieht es bei Erwerb einer Immobilie (WEG) mit den vorgefundenen M\u00e4ngeln aus?\" \/>\n<meta property=\"og:url\" content=\"https:\/\/www.p2-ingenieure.de\/gut\/2017\/10\/13\/das-handwerkerobjekt\/\" \/>\n<meta property=\"og:site_name\" content=\"P\u00b2 Ingenieure\" \/>\n<meta property=\"article:published_time\" content=\"2017-10-13T20:38:45+00:00\" \/>\n<meta property=\"og:image\" content=\"https:\/\/www.p2-ingenieure.de\/gut\/wp-content\/uploads\/2018\/03\/TSP-bild945x350-1.jpg\" \/>\n\t<meta property=\"og:image:width\" content=\"945\" \/>\n\t<meta property=\"og:image:height\" content=\"350\" \/>\n\t<meta property=\"og:image:type\" content=\"image\/jpeg\" \/>\n<meta name=\"author\" content=\"Paul\" \/>\n<meta name=\"twitter:card\" content=\"summary_large_image\" \/>\n<meta name=\"twitter:label1\" content=\"Verfasst von\" \/>\n\t<meta name=\"twitter:data1\" content=\"Paul\" \/>\n\t<meta name=\"twitter:label2\" content=\"Gesch\u00e4tzte Lesezeit\" \/>\n\t<meta name=\"twitter:data2\" content=\"2\u00a0Minuten\" \/>\n<script type=\"application\/ld+json\" class=\"yoast-schema-graph\">{\"@context\":\"https:\/\/schema.org\",\"@graph\":[{\"@type\":\"Article\",\"@id\":\"https:\/\/www.p2-ingenieure.de\/gut\/2017\/10\/13\/das-handwerkerobjekt\/#article\",\"isPartOf\":{\"@id\":\"https:\/\/www.p2-ingenieure.de\/gut\/2017\/10\/13\/das-handwerkerobjekt\/\"},\"author\":{\"name\":\"Paul\",\"@id\":\"https:\/\/www.p2-ingenieure.de\/gut\/#\/schema\/person\/f97c631d0ec288ddc753f40a90d3809b\"},\"headline\":\"Das Handwerkerobjekt\",\"datePublished\":\"2017-10-13T20:38:45+00:00\",\"mainEntityOfPage\":{\"@id\":\"https:\/\/www.p2-ingenieure.de\/gut\/2017\/10\/13\/das-handwerkerobjekt\/\"},\"wordCount\":442,\"publisher\":{\"@id\":\"https:\/\/www.p2-ingenieure.de\/gut\/#organization\"},\"image\":{\"@id\":\"https:\/\/www.p2-ingenieure.de\/gut\/2017\/10\/13\/das-handwerkerobjekt\/#primaryimage\"},\"thumbnailUrl\":\"https:\/\/www.p2-ingenieure.de\/gut\/wp-content\/uploads\/2018\/03\/TSP-bild945x350-1.jpg\",\"keywords\":[\"Gemeinschaftseigentum\",\"Gew\u00e4hrleistung\",\"Handwerkerhaus\",\"Immobilienkauf\",\"Sondereigentum\"],\"articleSection\":[\"Tagesspiegel\"],\"inLanguage\":\"de\"},{\"@type\":\"WebPage\",\"@id\":\"https:\/\/www.p2-ingenieure.de\/gut\/2017\/10\/13\/das-handwerkerobjekt\/\",\"url\":\"https:\/\/www.p2-ingenieure.de\/gut\/2017\/10\/13\/das-handwerkerobjekt\/\",\"name\":\"Das Handwerkerobjekt - P\u00b2 Ingenieure\",\"isPartOf\":{\"@id\":\"https:\/\/www.p2-ingenieure.de\/gut\/#website\"},\"primaryImageOfPage\":{\"@id\":\"https:\/\/www.p2-ingenieure.de\/gut\/2017\/10\/13\/das-handwerkerobjekt\/#primaryimage\"},\"image\":{\"@id\":\"https:\/\/www.p2-ingenieure.de\/gut\/2017\/10\/13\/das-handwerkerobjekt\/#primaryimage\"},\"thumbnailUrl\":\"https:\/\/www.p2-ingenieure.de\/gut\/wp-content\/uploads\/2018\/03\/TSP-bild945x350-1.jpg\",\"datePublished\":\"2017-10-13T20:38:45+00:00\",\"breadcrumb\":{\"@id\":\"https:\/\/www.p2-ingenieure.de\/gut\/2017\/10\/13\/das-handwerkerobjekt\/#breadcrumb\"},\"inLanguage\":\"de\",\"potentialAction\":[{\"@type\":\"ReadAction\",\"target\":[\"https:\/\/www.p2-ingenieure.de\/gut\/2017\/10\/13\/das-handwerkerobjekt\/\"]}]},{\"@type\":\"ImageObject\",\"inLanguage\":\"de\",\"@id\":\"https:\/\/www.p2-ingenieure.de\/gut\/2017\/10\/13\/das-handwerkerobjekt\/#primaryimage\",\"url\":\"https:\/\/www.p2-ingenieure.de\/gut\/wp-content\/uploads\/2018\/03\/TSP-bild945x350-1.jpg\",\"contentUrl\":\"https:\/\/www.p2-ingenieure.de\/gut\/wp-content\/uploads\/2018\/03\/TSP-bild945x350-1.jpg\",\"width\":945,\"height\":350,\"caption\":\"Tagesspiegel Icon\"},{\"@type\":\"BreadcrumbList\",\"@id\":\"https:\/\/www.p2-ingenieure.de\/gut\/2017\/10\/13\/das-handwerkerobjekt\/#breadcrumb\",\"itemListElement\":[{\"@type\":\"ListItem\",\"position\":1,\"name\":\"Startseite\",\"item\":\"https:\/\/www.p2-ingenieure.de\/gut\/\"},{\"@type\":\"ListItem\",\"position\":2,\"name\":\"Das Handwerkerobjekt\"}]},{\"@type\":\"WebSite\",\"@id\":\"https:\/\/www.p2-ingenieure.de\/gut\/#website\",\"url\":\"https:\/\/www.p2-ingenieure.de\/gut\/\",\"name\":\"P\u00b2 Ingenieure\",\"description\":\"Ingenieurb\u00fcro Sabine und Manfred Puche\",\"publisher\":{\"@id\":\"https:\/\/www.p2-ingenieure.de\/gut\/#organization\"},\"potentialAction\":[{\"@type\":\"SearchAction\",\"target\":{\"@type\":\"EntryPoint\",\"urlTemplate\":\"https:\/\/www.p2-ingenieure.de\/gut\/?s={search_term_string}\"},\"query-input\":{\"@type\":\"PropertyValueSpecification\",\"valueRequired\":true,\"valueName\":\"search_term_string\"}}],\"inLanguage\":\"de\"},{\"@type\":\"Organization\",\"@id\":\"https:\/\/www.p2-ingenieure.de\/gut\/#organization\",\"name\":\"P\u00b2 Ingenieure\",\"url\":\"https:\/\/www.p2-ingenieure.de\/gut\/\",\"logo\":{\"@type\":\"ImageObject\",\"inLanguage\":\"de\",\"@id\":\"https:\/\/www.p2-ingenieure.de\/gut\/#\/schema\/logo\/image\/\",\"url\":\"https:\/\/www.p2-ingenieure.de\/gut\/wp-content\/uploads\/2025\/02\/cropped-logo200x200.png\",\"contentUrl\":\"https:\/\/www.p2-ingenieure.de\/gut\/wp-content\/uploads\/2025\/02\/cropped-logo200x200.png\",\"width\":512,\"height\":512,\"caption\":\"P\u00b2 Ingenieure\"},\"image\":{\"@id\":\"https:\/\/www.p2-ingenieure.de\/gut\/#\/schema\/logo\/image\/\"}},{\"@type\":\"Person\",\"@id\":\"https:\/\/www.p2-ingenieure.de\/gut\/#\/schema\/person\/f97c631d0ec288ddc753f40a90d3809b\",\"name\":\"Paul\",\"image\":{\"@type\":\"ImageObject\",\"inLanguage\":\"de\",\"@id\":\"https:\/\/www.p2-ingenieure.de\/gut\/#\/schema\/person\/image\/\",\"url\":\"https:\/\/secure.gravatar.com\/avatar\/2d82a344fc8c5bf8fe56df9cbca897eddd43ae86d04b0228884f9aa72ea5d153?s=96&d=mm&r=g\",\"contentUrl\":\"https:\/\/secure.gravatar.com\/avatar\/2d82a344fc8c5bf8fe56df9cbca897eddd43ae86d04b0228884f9aa72ea5d153?s=96&d=mm&r=g\",\"caption\":\"Paul\"},\"sameAs\":[\"https:\/\/www.p2-ingenieure.de\/gut\"],\"url\":\"https:\/\/www.p2-ingenieure.de\/gut\/author\/paul\/\"}]}<\/script>\n<!-- \/ Yoast SEO plugin. -->","yoast_head_json":{"title":"Das Handwerkerobjekt - P\u00b2 Ingenieure","robots":{"index":"index","follow":"follow","max-snippet":"max-snippet:-1","max-image-preview":"max-image-preview:large","max-video-preview":"max-video-preview:-1"},"canonical":"https:\/\/www.p2-ingenieure.de\/gut\/2017\/10\/13\/das-handwerkerobjekt\/","og_locale":"de_DE","og_type":"article","og_title":"Das Handwerkerobjekt - P\u00b2 Ingenieure","og_description":"Wie sieht es bei Erwerb einer Immobilie (WEG) mit den vorgefundenen M\u00e4ngeln aus?","og_url":"https:\/\/www.p2-ingenieure.de\/gut\/2017\/10\/13\/das-handwerkerobjekt\/","og_site_name":"P\u00b2 Ingenieure","article_published_time":"2017-10-13T20:38:45+00:00","og_image":[{"width":945,"height":350,"url":"https:\/\/www.p2-ingenieure.de\/gut\/wp-content\/uploads\/2018\/03\/TSP-bild945x350-1.jpg","type":"image\/jpeg"}],"author":"Paul","twitter_card":"summary_large_image","twitter_misc":{"Verfasst von":"Paul","Gesch\u00e4tzte Lesezeit":"2\u00a0Minuten"},"schema":{"@context":"https:\/\/schema.org","@graph":[{"@type":"Article","@id":"https:\/\/www.p2-ingenieure.de\/gut\/2017\/10\/13\/das-handwerkerobjekt\/#article","isPartOf":{"@id":"https:\/\/www.p2-ingenieure.de\/gut\/2017\/10\/13\/das-handwerkerobjekt\/"},"author":{"name":"Paul","@id":"https:\/\/www.p2-ingenieure.de\/gut\/#\/schema\/person\/f97c631d0ec288ddc753f40a90d3809b"},"headline":"Das Handwerkerobjekt","datePublished":"2017-10-13T20:38:45+00:00","mainEntityOfPage":{"@id":"https:\/\/www.p2-ingenieure.de\/gut\/2017\/10\/13\/das-handwerkerobjekt\/"},"wordCount":442,"publisher":{"@id":"https:\/\/www.p2-ingenieure.de\/gut\/#organization"},"image":{"@id":"https:\/\/www.p2-ingenieure.de\/gut\/2017\/10\/13\/das-handwerkerobjekt\/#primaryimage"},"thumbnailUrl":"https:\/\/www.p2-ingenieure.de\/gut\/wp-content\/uploads\/2018\/03\/TSP-bild945x350-1.jpg","keywords":["Gemeinschaftseigentum","Gew\u00e4hrleistung","Handwerkerhaus","Immobilienkauf","Sondereigentum"],"articleSection":["Tagesspiegel"],"inLanguage":"de"},{"@type":"WebPage","@id":"https:\/\/www.p2-ingenieure.de\/gut\/2017\/10\/13\/das-handwerkerobjekt\/","url":"https:\/\/www.p2-ingenieure.de\/gut\/2017\/10\/13\/das-handwerkerobjekt\/","name":"Das Handwerkerobjekt - P\u00b2 Ingenieure","isPartOf":{"@id":"https:\/\/www.p2-ingenieure.de\/gut\/#website"},"primaryImageOfPage":{"@id":"https:\/\/www.p2-ingenieure.de\/gut\/2017\/10\/13\/das-handwerkerobjekt\/#primaryimage"},"image":{"@id":"https:\/\/www.p2-ingenieure.de\/gut\/2017\/10\/13\/das-handwerkerobjekt\/#primaryimage"},"thumbnailUrl":"https:\/\/www.p2-ingenieure.de\/gut\/wp-content\/uploads\/2018\/03\/TSP-bild945x350-1.jpg","datePublished":"2017-10-13T20:38:45+00:00","breadcrumb":{"@id":"https:\/\/www.p2-ingenieure.de\/gut\/2017\/10\/13\/das-handwerkerobjekt\/#breadcrumb"},"inLanguage":"de","potentialAction":[{"@type":"ReadAction","target":["https:\/\/www.p2-ingenieure.de\/gut\/2017\/10\/13\/das-handwerkerobjekt\/"]}]},{"@type":"ImageObject","inLanguage":"de","@id":"https:\/\/www.p2-ingenieure.de\/gut\/2017\/10\/13\/das-handwerkerobjekt\/#primaryimage","url":"https:\/\/www.p2-ingenieure.de\/gut\/wp-content\/uploads\/2018\/03\/TSP-bild945x350-1.jpg","contentUrl":"https:\/\/www.p2-ingenieure.de\/gut\/wp-content\/uploads\/2018\/03\/TSP-bild945x350-1.jpg","width":945,"height":350,"caption":"Tagesspiegel Icon"},{"@type":"BreadcrumbList","@id":"https:\/\/www.p2-ingenieure.de\/gut\/2017\/10\/13\/das-handwerkerobjekt\/#breadcrumb","itemListElement":[{"@type":"ListItem","position":1,"name":"Startseite","item":"https:\/\/www.p2-ingenieure.de\/gut\/"},{"@type":"ListItem","position":2,"name":"Das Handwerkerobjekt"}]},{"@type":"WebSite","@id":"https:\/\/www.p2-ingenieure.de\/gut\/#website","url":"https:\/\/www.p2-ingenieure.de\/gut\/","name":"P\u00b2 Ingenieure","description":"Ingenieurb\u00fcro Sabine und Manfred Puche","publisher":{"@id":"https:\/\/www.p2-ingenieure.de\/gut\/#organization"},"potentialAction":[{"@type":"SearchAction","target":{"@type":"EntryPoint","urlTemplate":"https:\/\/www.p2-ingenieure.de\/gut\/?s={search_term_string}"},"query-input":{"@type":"PropertyValueSpecification","valueRequired":true,"valueName":"search_term_string"}}],"inLanguage":"de"},{"@type":"Organization","@id":"https:\/\/www.p2-ingenieure.de\/gut\/#organization","name":"P\u00b2 Ingenieure","url":"https:\/\/www.p2-ingenieure.de\/gut\/","logo":{"@type":"ImageObject","inLanguage":"de","@id":"https:\/\/www.p2-ingenieure.de\/gut\/#\/schema\/logo\/image\/","url":"https:\/\/www.p2-ingenieure.de\/gut\/wp-content\/uploads\/2025\/02\/cropped-logo200x200.png","contentUrl":"https:\/\/www.p2-ingenieure.de\/gut\/wp-content\/uploads\/2025\/02\/cropped-logo200x200.png","width":512,"height":512,"caption":"P\u00b2 Ingenieure"},"image":{"@id":"https:\/\/www.p2-ingenieure.de\/gut\/#\/schema\/logo\/image\/"}},{"@type":"Person","@id":"https:\/\/www.p2-ingenieure.de\/gut\/#\/schema\/person\/f97c631d0ec288ddc753f40a90d3809b","name":"Paul","image":{"@type":"ImageObject","inLanguage":"de","@id":"https:\/\/www.p2-ingenieure.de\/gut\/#\/schema\/person\/image\/","url":"https:\/\/secure.gravatar.com\/avatar\/2d82a344fc8c5bf8fe56df9cbca897eddd43ae86d04b0228884f9aa72ea5d153?s=96&d=mm&r=g","contentUrl":"https:\/\/secure.gravatar.com\/avatar\/2d82a344fc8c5bf8fe56df9cbca897eddd43ae86d04b0228884f9aa72ea5d153?s=96&d=mm&r=g","caption":"Paul"},"sameAs":["https:\/\/www.p2-ingenieure.de\/gut"],"url":"https:\/\/www.p2-ingenieure.de\/gut\/author\/paul\/"}]}},"_links":{"self":[{"href":"https:\/\/www.p2-ingenieure.de\/gut\/wp-json\/wp\/v2\/posts\/1514","targetHints":{"allow":["GET"]}}],"collection":[{"href":"https:\/\/www.p2-ingenieure.de\/gut\/wp-json\/wp\/v2\/posts"}],"about":[{"href":"https:\/\/www.p2-ingenieure.de\/gut\/wp-json\/wp\/v2\/types\/post"}],"author":[{"embeddable":true,"href":"https:\/\/www.p2-ingenieure.de\/gut\/wp-json\/wp\/v2\/users\/1"}],"replies":[{"embeddable":true,"href":"https:\/\/www.p2-ingenieure.de\/gut\/wp-json\/wp\/v2\/comments?post=1514"}],"version-history":[{"count":0,"href":"https:\/\/www.p2-ingenieure.de\/gut\/wp-json\/wp\/v2\/posts\/1514\/revisions"}],"wp:featuredmedia":[{"embeddable":true,"href":"https:\/\/www.p2-ingenieure.de\/gut\/wp-json\/wp\/v2\/media\/1486"}],"wp:attachment":[{"href":"https:\/\/www.p2-ingenieure.de\/gut\/wp-json\/wp\/v2\/media?parent=1514"}],"wp:term":[{"taxonomy":"category","embeddable":true,"href":"https:\/\/www.p2-ingenieure.de\/gut\/wp-json\/wp\/v2\/categories?post=1514"},{"taxonomy":"post_tag","embeddable":true,"href":"https:\/\/www.p2-ingenieure.de\/gut\/wp-json\/wp\/v2\/tags?post=1514"},{"taxonomy":"post_series","embeddable":true,"href":"https:\/\/www.p2-ingenieure.de\/gut\/wp-json\/wp\/v2\/post_series?post=1514"}],"curies":[{"name":"wp","href":"https:\/\/api.w.org\/{rel}","templated":true}]}}