{"id":1523,"date":"2017-09-16T12:46:37","date_gmt":"2017-09-16T11:46:37","guid":{"rendered":"http:\/\/www.p2-ingenieure.de\/wordpress\/?p=1523"},"modified":"2017-09-16T12:46:37","modified_gmt":"2017-09-16T11:46:37","slug":"kelleraussentreppe","status":"publish","type":"post","link":"https:\/\/www.p2-ingenieure.de\/gut\/2017\/09\/16\/kelleraussentreppe\/","title":{"rendered":"Keller Au\u00dfentreppe"},"content":{"rendered":"<p><em>Erschienen am 16.09.2017 im Tagesspiegel unter dem Titel &#8222;Treppenbau gegen den R\u00fcckstau&#8220;<\/em><\/p>\n<h4>Was steht ins Haus?<\/h4>\n<p>Bei der Planung unseres Einfamilienhauses diskutieren wir immer \u00f6fter \u00fcber die Kellernutzung (einen Keller wollen wir auf jeden Fall!). So halten wir es f\u00fcr sinnvoll, einen separaten Zugang vom Garten aus zu bauen. Unser Architekt sagte, dies sei sehr schwierig, es k\u00e4me hier h\u00e4ufig zu Wassereinbr\u00fcchen, er w\u00fcrde uns abraten. Auch seien Treppen im Au\u00dfenbereich schwierig herzustellen und nicht dauerhaft. Wir wollen uns so schnell nicht von der Idee dieses Kellerzugangs abbringen lassen: Worauf m\u00fcssen wir achten, hat unser Architekt Recht mit seiner Sorge?<\/p>\n<h4>Was steht im Gesetz?<\/h4>\n<p>Eine Keller-Au\u00dfentreppe ist ein Loch in der Kellerabdichtung. Gleiches gilt ebenso f\u00fcr jedes Fenster; es gibt also Regeln, abgeleitet von Erfahrungswerten, wie dies zu gestalten ist. Es ist somit eine Planungsaufgabe. Liegt dr\u00fcckendes oder aufsteigendes Wasser aus dem Untergrund vor, muss die dichte (Keller)Wanne um die Kellertreppe herum gebaut werden. Dann regnet es planm\u00e4\u00dfig in diese Wanne hinein, d.h. der Niederschlag muss \u2013wie bei Lichtsch\u00e4chten &#8211; abgepumpt oder abgef\u00fchrt werden, zudem darf es nicht zum R\u00fcckstau kommen. Liegt kein anstauendes Wasser vor, kann die Treppe getrennt von der Kellerabdichtung davor gesetzt werden. Allerdings muss auch hier der Niederschlag, der die Stufen herab l\u00e4uft, sicher weggeleitet werden. Eine h\u00e4ufig untersch\u00e4tzte Fehlerquelle ist der \u00dcbergang\/ die Schwelle in den Keller: Das Au\u00dfenpodest muss (Oberkante Belag) mind. 15\u00a0cm tiefer liegen, als der Fu\u00dfboden innen. Nur so wird ein etwaiger Wasseranstau au\u00dfen nicht zur Keller\u00fcberflutung f\u00fchren. Baulich ist dies schwierig umzusetzen, da die Kellerbodenplatte gerne bis nach au\u00dfen durchgezogen wird \u2013 dann sind die 15\u00a0cm Absenkung kaum herzustellen! Je nach Abdichtungsart (WU-Wanne, Bitumenbahnen \u2026) sind die Anschl\u00fcsse und \u00dcberg\u00e4nge der W\u00e4nde und der Bodenplatte zu konzipieren. Nicht vergessen werden darf, dass planm\u00e4\u00dfig Wasser aus dem Garten die Treppe Richtung Haus herab l\u00e4uft und davor <u>au\u00dfen<\/u> abgeleitet werden muss.<\/p>\n<h4>Und wie stehen Sie dazu?<\/h4>\n<p>Ihr Architekt hat grunds\u00e4tzlich Recht, wenn er hier zur Vorsicht r\u00e4t. Die Planung ist schwierig, die Bauausf\u00fchrung ist h\u00e4ufig nicht in der Lage, komplizierte Details sicher umzusetzen. Daher liegt qualit\u00e4tsbewusstem Bauen i.d.R. auch eine einfache, baubare Planung zugrunde. Das Funktionieren einer Kellerabdichtung kann erst getestet werden, wenn sich die Starkregenf\u00e4lle h\u00e4ufen. Im besten Fall passiert nichts, der Keller bleibt trocken. Viele Bauherren verzichten auf einen Keller, um das Risiko hier auszuschalten. Wenn das Grundwasser tief ansteht und der Boden sandig, d.h. versickerungsf\u00e4hig ist, ist uneingeschr\u00e4nkt zur Au\u00dfenkellertreppe zu raten. Andernfalls sollten Sie die Bedenken ernst nehmen, ggf. einen alternativen Zugang im Haus in Betracht ziehen oder Planung und Bauausf\u00fchrung streng pr\u00fcfen.<\/p>\n","protected":false},"excerpt":{"rendered":"<p>Was ein von au\u00dfen zug\u00e4nglicher Keller f\u00fcr die Geb\u00e4udeh\u00fclle bedeutet und worauf bei der Planung geachtet werden sollte.<\/p>\n","protected":false},"author":1,"featured_media":1486,"comment_status":"closed","ping_status":"open","sticky":false,"template":"page-with-right-sidebar","format":"standard","meta":{"footnotes":""},"categories":[9],"tags":[26,27,28,29,30],"post_series":[],"class_list":["post-1523","post","type-post","status-publish","format-standard","has-post-thumbnail","hentry","category-tagesspiegel","tag-abdichtung","tag-aussenkellertreppe","tag-keller","tag-starkregen","tag-treppe","entry","has-media"],"yoast_head":"<!-- This site is optimized with the Yoast SEO plugin v25.9 - https:\/\/yoast.com\/wordpress\/plugins\/seo\/ -->\n<title>Keller Au\u00dfentreppe - P\u00b2 Ingenieure<\/title>\n<meta name=\"robots\" content=\"index, follow, max-snippet:-1, max-image-preview:large, max-video-preview:-1\" \/>\n<link rel=\"canonical\" href=\"https:\/\/www.p2-ingenieure.de\/gut\/2017\/09\/16\/kelleraussentreppe\/\" \/>\n<meta property=\"og:locale\" content=\"de_DE\" \/>\n<meta property=\"og:type\" content=\"article\" \/>\n<meta property=\"og:title\" content=\"Keller Au\u00dfentreppe - P\u00b2 Ingenieure\" \/>\n<meta property=\"og:description\" content=\"Was ein von au\u00dfen zug\u00e4nglicher Keller f\u00fcr die Geb\u00e4udeh\u00fclle bedeutet und worauf bei der Planung geachtet werden sollte.\" \/>\n<meta property=\"og:url\" content=\"https:\/\/www.p2-ingenieure.de\/gut\/2017\/09\/16\/kelleraussentreppe\/\" \/>\n<meta property=\"og:site_name\" content=\"P\u00b2 Ingenieure\" \/>\n<meta property=\"article:published_time\" content=\"2017-09-16T11:46:37+00:00\" \/>\n<meta property=\"og:image\" content=\"https:\/\/www.p2-ingenieure.de\/gut\/wp-content\/uploads\/2018\/03\/TSP-bild945x350-1.jpg\" \/>\n\t<meta property=\"og:image:width\" content=\"945\" \/>\n\t<meta property=\"og:image:height\" content=\"350\" \/>\n\t<meta property=\"og:image:type\" content=\"image\/jpeg\" \/>\n<meta name=\"author\" content=\"Paul\" \/>\n<meta name=\"twitter:card\" content=\"summary_large_image\" \/>\n<meta name=\"twitter:label1\" content=\"Verfasst von\" \/>\n\t<meta name=\"twitter:data1\" content=\"Paul\" \/>\n\t<meta name=\"twitter:label2\" content=\"Gesch\u00e4tzte Lesezeit\" \/>\n\t<meta name=\"twitter:data2\" content=\"2\u00a0Minuten\" \/>\n<script type=\"application\/ld+json\" class=\"yoast-schema-graph\">{\"@context\":\"https:\/\/schema.org\",\"@graph\":[{\"@type\":\"Article\",\"@id\":\"https:\/\/www.p2-ingenieure.de\/gut\/2017\/09\/16\/kelleraussentreppe\/#article\",\"isPartOf\":{\"@id\":\"https:\/\/www.p2-ingenieure.de\/gut\/2017\/09\/16\/kelleraussentreppe\/\"},\"author\":{\"name\":\"Paul\",\"@id\":\"https:\/\/www.p2-ingenieure.de\/gut\/#\/schema\/person\/f97c631d0ec288ddc753f40a90d3809b\"},\"headline\":\"Keller Au\u00dfentreppe\",\"datePublished\":\"2017-09-16T11:46:37+00:00\",\"mainEntityOfPage\":{\"@id\":\"https:\/\/www.p2-ingenieure.de\/gut\/2017\/09\/16\/kelleraussentreppe\/\"},\"wordCount\":471,\"publisher\":{\"@id\":\"https:\/\/www.p2-ingenieure.de\/gut\/#organization\"},\"image\":{\"@id\":\"https:\/\/www.p2-ingenieure.de\/gut\/2017\/09\/16\/kelleraussentreppe\/#primaryimage\"},\"thumbnailUrl\":\"https:\/\/www.p2-ingenieure.de\/gut\/wp-content\/uploads\/2018\/03\/TSP-bild945x350-1.jpg\",\"keywords\":[\"Abdichtung\",\"Au\u00dfenkellertreppe\",\"Keller\",\"Starkregen\",\"Treppe\"],\"articleSection\":[\"Tagesspiegel\"],\"inLanguage\":\"de\"},{\"@type\":\"WebPage\",\"@id\":\"https:\/\/www.p2-ingenieure.de\/gut\/2017\/09\/16\/kelleraussentreppe\/\",\"url\":\"https:\/\/www.p2-ingenieure.de\/gut\/2017\/09\/16\/kelleraussentreppe\/\",\"name\":\"Keller Au\u00dfentreppe - P\u00b2 Ingenieure\",\"isPartOf\":{\"@id\":\"https:\/\/www.p2-ingenieure.de\/gut\/#website\"},\"primaryImageOfPage\":{\"@id\":\"https:\/\/www.p2-ingenieure.de\/gut\/2017\/09\/16\/kelleraussentreppe\/#primaryimage\"},\"image\":{\"@id\":\"https:\/\/www.p2-ingenieure.de\/gut\/2017\/09\/16\/kelleraussentreppe\/#primaryimage\"},\"thumbnailUrl\":\"https:\/\/www.p2-ingenieure.de\/gut\/wp-content\/uploads\/2018\/03\/TSP-bild945x350-1.jpg\",\"datePublished\":\"2017-09-16T11:46:37+00:00\",\"breadcrumb\":{\"@id\":\"https:\/\/www.p2-ingenieure.de\/gut\/2017\/09\/16\/kelleraussentreppe\/#breadcrumb\"},\"inLanguage\":\"de\",\"potentialAction\":[{\"@type\":\"ReadAction\",\"target\":[\"https:\/\/www.p2-ingenieure.de\/gut\/2017\/09\/16\/kelleraussentreppe\/\"]}]},{\"@type\":\"ImageObject\",\"inLanguage\":\"de\",\"@id\":\"https:\/\/www.p2-ingenieure.de\/gut\/2017\/09\/16\/kelleraussentreppe\/#primaryimage\",\"url\":\"https:\/\/www.p2-ingenieure.de\/gut\/wp-content\/uploads\/2018\/03\/TSP-bild945x350-1.jpg\",\"contentUrl\":\"https:\/\/www.p2-ingenieure.de\/gut\/wp-content\/uploads\/2018\/03\/TSP-bild945x350-1.jpg\",\"width\":945,\"height\":350,\"caption\":\"Tagesspiegel Icon\"},{\"@type\":\"BreadcrumbList\",\"@id\":\"https:\/\/www.p2-ingenieure.de\/gut\/2017\/09\/16\/kelleraussentreppe\/#breadcrumb\",\"itemListElement\":[{\"@type\":\"ListItem\",\"position\":1,\"name\":\"Startseite\",\"item\":\"https:\/\/www.p2-ingenieure.de\/gut\/\"},{\"@type\":\"ListItem\",\"position\":2,\"name\":\"Keller Au\u00dfentreppe\"}]},{\"@type\":\"WebSite\",\"@id\":\"https:\/\/www.p2-ingenieure.de\/gut\/#website\",\"url\":\"https:\/\/www.p2-ingenieure.de\/gut\/\",\"name\":\"P\u00b2 Ingenieure\",\"description\":\"Ingenieurb\u00fcro Sabine und Manfred Puche\",\"publisher\":{\"@id\":\"https:\/\/www.p2-ingenieure.de\/gut\/#organization\"},\"potentialAction\":[{\"@type\":\"SearchAction\",\"target\":{\"@type\":\"EntryPoint\",\"urlTemplate\":\"https:\/\/www.p2-ingenieure.de\/gut\/?s={search_term_string}\"},\"query-input\":{\"@type\":\"PropertyValueSpecification\",\"valueRequired\":true,\"valueName\":\"search_term_string\"}}],\"inLanguage\":\"de\"},{\"@type\":\"Organization\",\"@id\":\"https:\/\/www.p2-ingenieure.de\/gut\/#organization\",\"name\":\"P\u00b2 Ingenieure\",\"url\":\"https:\/\/www.p2-ingenieure.de\/gut\/\",\"logo\":{\"@type\":\"ImageObject\",\"inLanguage\":\"de\",\"@id\":\"https:\/\/www.p2-ingenieure.de\/gut\/#\/schema\/logo\/image\/\",\"url\":\"https:\/\/www.p2-ingenieure.de\/gut\/wp-content\/uploads\/2025\/02\/cropped-logo200x200.png\",\"contentUrl\":\"https:\/\/www.p2-ingenieure.de\/gut\/wp-content\/uploads\/2025\/02\/cropped-logo200x200.png\",\"width\":512,\"height\":512,\"caption\":\"P\u00b2 Ingenieure\"},\"image\":{\"@id\":\"https:\/\/www.p2-ingenieure.de\/gut\/#\/schema\/logo\/image\/\"}},{\"@type\":\"Person\",\"@id\":\"https:\/\/www.p2-ingenieure.de\/gut\/#\/schema\/person\/f97c631d0ec288ddc753f40a90d3809b\",\"name\":\"Paul\",\"image\":{\"@type\":\"ImageObject\",\"inLanguage\":\"de\",\"@id\":\"https:\/\/www.p2-ingenieure.de\/gut\/#\/schema\/person\/image\/\",\"url\":\"https:\/\/secure.gravatar.com\/avatar\/2d82a344fc8c5bf8fe56df9cbca897eddd43ae86d04b0228884f9aa72ea5d153?s=96&d=mm&r=g\",\"contentUrl\":\"https:\/\/secure.gravatar.com\/avatar\/2d82a344fc8c5bf8fe56df9cbca897eddd43ae86d04b0228884f9aa72ea5d153?s=96&d=mm&r=g\",\"caption\":\"Paul\"},\"sameAs\":[\"https:\/\/www.p2-ingenieure.de\/gut\"],\"url\":\"https:\/\/www.p2-ingenieure.de\/gut\/author\/paul\/\"}]}<\/script>\n<!-- \/ Yoast SEO plugin. -->","yoast_head_json":{"title":"Keller Au\u00dfentreppe - P\u00b2 Ingenieure","robots":{"index":"index","follow":"follow","max-snippet":"max-snippet:-1","max-image-preview":"max-image-preview:large","max-video-preview":"max-video-preview:-1"},"canonical":"https:\/\/www.p2-ingenieure.de\/gut\/2017\/09\/16\/kelleraussentreppe\/","og_locale":"de_DE","og_type":"article","og_title":"Keller Au\u00dfentreppe - P\u00b2 Ingenieure","og_description":"Was ein von au\u00dfen zug\u00e4nglicher Keller f\u00fcr die Geb\u00e4udeh\u00fclle bedeutet und worauf bei der Planung geachtet werden sollte.","og_url":"https:\/\/www.p2-ingenieure.de\/gut\/2017\/09\/16\/kelleraussentreppe\/","og_site_name":"P\u00b2 Ingenieure","article_published_time":"2017-09-16T11:46:37+00:00","og_image":[{"width":945,"height":350,"url":"https:\/\/www.p2-ingenieure.de\/gut\/wp-content\/uploads\/2018\/03\/TSP-bild945x350-1.jpg","type":"image\/jpeg"}],"author":"Paul","twitter_card":"summary_large_image","twitter_misc":{"Verfasst von":"Paul","Gesch\u00e4tzte Lesezeit":"2\u00a0Minuten"},"schema":{"@context":"https:\/\/schema.org","@graph":[{"@type":"Article","@id":"https:\/\/www.p2-ingenieure.de\/gut\/2017\/09\/16\/kelleraussentreppe\/#article","isPartOf":{"@id":"https:\/\/www.p2-ingenieure.de\/gut\/2017\/09\/16\/kelleraussentreppe\/"},"author":{"name":"Paul","@id":"https:\/\/www.p2-ingenieure.de\/gut\/#\/schema\/person\/f97c631d0ec288ddc753f40a90d3809b"},"headline":"Keller Au\u00dfentreppe","datePublished":"2017-09-16T11:46:37+00:00","mainEntityOfPage":{"@id":"https:\/\/www.p2-ingenieure.de\/gut\/2017\/09\/16\/kelleraussentreppe\/"},"wordCount":471,"publisher":{"@id":"https:\/\/www.p2-ingenieure.de\/gut\/#organization"},"image":{"@id":"https:\/\/www.p2-ingenieure.de\/gut\/2017\/09\/16\/kelleraussentreppe\/#primaryimage"},"thumbnailUrl":"https:\/\/www.p2-ingenieure.de\/gut\/wp-content\/uploads\/2018\/03\/TSP-bild945x350-1.jpg","keywords":["Abdichtung","Au\u00dfenkellertreppe","Keller","Starkregen","Treppe"],"articleSection":["Tagesspiegel"],"inLanguage":"de"},{"@type":"WebPage","@id":"https:\/\/www.p2-ingenieure.de\/gut\/2017\/09\/16\/kelleraussentreppe\/","url":"https:\/\/www.p2-ingenieure.de\/gut\/2017\/09\/16\/kelleraussentreppe\/","name":"Keller Au\u00dfentreppe - P\u00b2 Ingenieure","isPartOf":{"@id":"https:\/\/www.p2-ingenieure.de\/gut\/#website"},"primaryImageOfPage":{"@id":"https:\/\/www.p2-ingenieure.de\/gut\/2017\/09\/16\/kelleraussentreppe\/#primaryimage"},"image":{"@id":"https:\/\/www.p2-ingenieure.de\/gut\/2017\/09\/16\/kelleraussentreppe\/#primaryimage"},"thumbnailUrl":"https:\/\/www.p2-ingenieure.de\/gut\/wp-content\/uploads\/2018\/03\/TSP-bild945x350-1.jpg","datePublished":"2017-09-16T11:46:37+00:00","breadcrumb":{"@id":"https:\/\/www.p2-ingenieure.de\/gut\/2017\/09\/16\/kelleraussentreppe\/#breadcrumb"},"inLanguage":"de","potentialAction":[{"@type":"ReadAction","target":["https:\/\/www.p2-ingenieure.de\/gut\/2017\/09\/16\/kelleraussentreppe\/"]}]},{"@type":"ImageObject","inLanguage":"de","@id":"https:\/\/www.p2-ingenieure.de\/gut\/2017\/09\/16\/kelleraussentreppe\/#primaryimage","url":"https:\/\/www.p2-ingenieure.de\/gut\/wp-content\/uploads\/2018\/03\/TSP-bild945x350-1.jpg","contentUrl":"https:\/\/www.p2-ingenieure.de\/gut\/wp-content\/uploads\/2018\/03\/TSP-bild945x350-1.jpg","width":945,"height":350,"caption":"Tagesspiegel Icon"},{"@type":"BreadcrumbList","@id":"https:\/\/www.p2-ingenieure.de\/gut\/2017\/09\/16\/kelleraussentreppe\/#breadcrumb","itemListElement":[{"@type":"ListItem","position":1,"name":"Startseite","item":"https:\/\/www.p2-ingenieure.de\/gut\/"},{"@type":"ListItem","position":2,"name":"Keller Au\u00dfentreppe"}]},{"@type":"WebSite","@id":"https:\/\/www.p2-ingenieure.de\/gut\/#website","url":"https:\/\/www.p2-ingenieure.de\/gut\/","name":"P\u00b2 Ingenieure","description":"Ingenieurb\u00fcro Sabine und Manfred Puche","publisher":{"@id":"https:\/\/www.p2-ingenieure.de\/gut\/#organization"},"potentialAction":[{"@type":"SearchAction","target":{"@type":"EntryPoint","urlTemplate":"https:\/\/www.p2-ingenieure.de\/gut\/?s={search_term_string}"},"query-input":{"@type":"PropertyValueSpecification","valueRequired":true,"valueName":"search_term_string"}}],"inLanguage":"de"},{"@type":"Organization","@id":"https:\/\/www.p2-ingenieure.de\/gut\/#organization","name":"P\u00b2 Ingenieure","url":"https:\/\/www.p2-ingenieure.de\/gut\/","logo":{"@type":"ImageObject","inLanguage":"de","@id":"https:\/\/www.p2-ingenieure.de\/gut\/#\/schema\/logo\/image\/","url":"https:\/\/www.p2-ingenieure.de\/gut\/wp-content\/uploads\/2025\/02\/cropped-logo200x200.png","contentUrl":"https:\/\/www.p2-ingenieure.de\/gut\/wp-content\/uploads\/2025\/02\/cropped-logo200x200.png","width":512,"height":512,"caption":"P\u00b2 Ingenieure"},"image":{"@id":"https:\/\/www.p2-ingenieure.de\/gut\/#\/schema\/logo\/image\/"}},{"@type":"Person","@id":"https:\/\/www.p2-ingenieure.de\/gut\/#\/schema\/person\/f97c631d0ec288ddc753f40a90d3809b","name":"Paul","image":{"@type":"ImageObject","inLanguage":"de","@id":"https:\/\/www.p2-ingenieure.de\/gut\/#\/schema\/person\/image\/","url":"https:\/\/secure.gravatar.com\/avatar\/2d82a344fc8c5bf8fe56df9cbca897eddd43ae86d04b0228884f9aa72ea5d153?s=96&d=mm&r=g","contentUrl":"https:\/\/secure.gravatar.com\/avatar\/2d82a344fc8c5bf8fe56df9cbca897eddd43ae86d04b0228884f9aa72ea5d153?s=96&d=mm&r=g","caption":"Paul"},"sameAs":["https:\/\/www.p2-ingenieure.de\/gut"],"url":"https:\/\/www.p2-ingenieure.de\/gut\/author\/paul\/"}]}},"_links":{"self":[{"href":"https:\/\/www.p2-ingenieure.de\/gut\/wp-json\/wp\/v2\/posts\/1523","targetHints":{"allow":["GET"]}}],"collection":[{"href":"https:\/\/www.p2-ingenieure.de\/gut\/wp-json\/wp\/v2\/posts"}],"about":[{"href":"https:\/\/www.p2-ingenieure.de\/gut\/wp-json\/wp\/v2\/types\/post"}],"author":[{"embeddable":true,"href":"https:\/\/www.p2-ingenieure.de\/gut\/wp-json\/wp\/v2\/users\/1"}],"replies":[{"embeddable":true,"href":"https:\/\/www.p2-ingenieure.de\/gut\/wp-json\/wp\/v2\/comments?post=1523"}],"version-history":[{"count":0,"href":"https:\/\/www.p2-ingenieure.de\/gut\/wp-json\/wp\/v2\/posts\/1523\/revisions"}],"wp:featuredmedia":[{"embeddable":true,"href":"https:\/\/www.p2-ingenieure.de\/gut\/wp-json\/wp\/v2\/media\/1486"}],"wp:attachment":[{"href":"https:\/\/www.p2-ingenieure.de\/gut\/wp-json\/wp\/v2\/media?parent=1523"}],"wp:term":[{"taxonomy":"category","embeddable":true,"href":"https:\/\/www.p2-ingenieure.de\/gut\/wp-json\/wp\/v2\/categories?post=1523"},{"taxonomy":"post_tag","embeddable":true,"href":"https:\/\/www.p2-ingenieure.de\/gut\/wp-json\/wp\/v2\/tags?post=1523"},{"taxonomy":"post_series","embeddable":true,"href":"https:\/\/www.p2-ingenieure.de\/gut\/wp-json\/wp\/v2\/post_series?post=1523"}],"curies":[{"name":"wp","href":"https:\/\/api.w.org\/{rel}","templated":true}]}}