{"id":1526,"date":"2017-08-18T12:52:39","date_gmt":"2017-08-18T11:52:39","guid":{"rendered":"http:\/\/www.p2-ingenieure.de\/wordpress\/?p=1526"},"modified":"2017-08-18T12:52:39","modified_gmt":"2017-08-18T11:52:39","slug":"sonder-un-gemeinschaftseigentum-und-die-gewaehrleistung","status":"publish","type":"post","link":"https:\/\/www.p2-ingenieure.de\/gut\/2017\/08\/18\/sonder-un-gemeinschaftseigentum-und-die-gewaehrleistung\/","title":{"rendered":"Sonder- un Gemeinschaftseigentum und die Gew\u00e4hrleistung"},"content":{"rendered":"<p><em>Erschienen am 18.08.2017 im Tagesspiegel unter dem Titel &#8222;Alle M\u00e4ngel Melden&#8220;<\/em><\/p>\n<h4>Was steht ins Haus?<\/h4>\n<p>Wir haben vor fast 4 Jahren unsere neue Wohnung bezogen. Nun kam die Hausverwaltung auf uns zu, es m\u00fcsse eine \u201eGew\u00e4hrleistungsbegehung\u201c erfolgen und wir sollten M\u00e4ngel melden. Hier solle unterschieden werden nach Gemeinschafts- und Sondereigentum. Um das Gemeinschaftseigentum k\u00fcmmert sich die Verwaltung, M\u00e4ngel am Sondereigentum sollen wir selbst beim Bautr\u00e4ger anmelden. Was hat es damit auf sich? Die Verwaltung macht Druck und meinte, es k\u00f6nne ein Gerichtsverfahren nach sich ziehen. Wir hatten unsere M\u00e4ngel immer gemeldet, allerdings tat sich nie etwas.<\/p>\n<h4>Was steht im Gesetz?<\/h4>\n<p>Der Bautr\u00e4ger gibt eine 5 j\u00e4hrige Gew\u00e4hrleistung. Zeigen sich in dieser Zeit M\u00e4ngel aus einer fehlerhaften Bauweise, muss der Bautr\u00e4ger diese \u00fcberarbeiten. Es ist \u00e4hnlich wie bei der Abnahme, nur m\u00fcssen <u>Sie<\/u> jetzt darlegen, dass die Bauleistung mangelhaft war, z.B. die Abdichtung wurde nicht richtig ausgef\u00fchrt, die Verklammerung der Dachziegel war ungen\u00fcgend oder das Parkett war nicht richtig verklebt. Die beiden ersten Punkte betreffen das Gemeinschaftseigentum, der Bodenbelag ist Sondereigentum. Wichtig ist zu verstehen, dass der Bautr\u00e4ger die M\u00e4ngel innerhalb der 5 Jahre abarbeitet oder zumindest seine diesbez\u00fcgliche Bereitschaft erkl\u00e4rt. H\u00e4ufig werden umfangreiche M\u00e4ngellisten kurz vor Verj\u00e4hrungsablauf versendet, aber nicht nachgefasst. Wenn der Bautr\u00e4ger schweigt, ist f\u00fcr ihn nach 5 Jahres alles vorbei, die Verj\u00e4hrung sch\u00fctzt ihn. Also m\u00fcssen Sie -oder die Verwaltung f\u00fcr das Gemeinschaftseigentum- aktiv werden und nach BGB \u00a7203 \u2013 Hemmung der Verj\u00e4hrung bei Verhandlungen \u2013 Gespr\u00e4che f\u00fchren bzw. vor Ablauf der 5 Jahre ein selbst\u00e4ndiges Beweisverfahren einleiten, um die Verj\u00e4hrung zu vermeiden. Den Nachweis zu f\u00fchren, dass der Verk\u00e4ufer mangelhaft gebaut hat, ist nicht ganz einfach, daher helfen hier Architekten oder Sachverst\u00e4ndige. Bei dieser Gew\u00e4hrleistungsbegehung besteht letztmals die Chance, etwaige M\u00e4ngel aus der Bauphase -oftmals auch nicht beseitigte Punkte aus der Abnahme \u2013 vorzutragen.<\/p>\n<h4>Und wie stehen Sie dazu?<\/h4>\n<p>Unterst\u00fctzen Sie die Verwaltung bei der Wahrung der Gew\u00e4hrleistungsrechte! Zeigen Sie dem von der Verwaltung beauftragten Sachverst\u00e4ndigen Fenster, Balkone und etwaige Risse in W\u00e4nden. M\u00e4ngel an Ihrem Sondereigentum sollten Sie anmelden. Ca. 90% der Baum\u00e4ngel zeigen sich innerhalb der 5 j\u00e4hrigen Gew\u00e4hrleistungszeit. Die Begehung sollte ca. 6 Monate vor Ablauf der Gew\u00e4hrleistung erfolgen, denn die sich anschlie\u00dfenden Diskussionen mit dem Bautr\u00e4ger ben\u00f6tigen Zeit: Er muss seinerseits die ausf\u00fchrenden Firmen unter Terminsetzung zur M\u00e4ngelbeseitigung auffordern. Werden die Termine nicht eingehalten, und droht Verj\u00e4hrung, m\u00fcssen die M\u00e4ngel gerichtlich festgehalten werden. Das kostet viel Geld und der Ausgang nicht eindeutig absch\u00e4tzbar. Die M\u00e4ngelbeseitigungen in dieser Zeit sind im Kaufpreis enthalten!<\/p>\n","protected":false},"excerpt":{"rendered":"<p>Wir haben vor fast 4 Jahren unsere neue Wohnung bezogen. Nun kam die Hausverwaltung auf uns zu, es m\u00fcsse eine \u201eGew\u00e4hrleistungsbegehung\u201c erfolgen und wir sollten M\u00e4ngel melden. Hier solle unterschieden werden nach Gemeinschafts- und Sondereigentum. Um das Gemeinschaftseigentum k\u00fcmmert sich die Verwaltung, M\u00e4ngel am Sondereigentum sollen wir selbst beim Bautr\u00e4ger anmelden. Was hat es damit auf sich?<\/p>\n","protected":false},"author":1,"featured_media":1486,"comment_status":"closed","ping_status":"open","sticky":false,"template":"page-with-right-sidebar","format":"standard","meta":{"footnotes":""},"categories":[9],"tags":[15,16,31,19,11],"post_series":[],"class_list":["post-1526","post","type-post","status-publish","format-standard","has-post-thumbnail","hentry","category-tagesspiegel","tag-gemeinschaftseigentum","tag-gewaehrleistung","tag-gewaehrleistungsbegehung","tag-sondereigentum","tag-weg","entry","has-media"],"yoast_head":"<!-- This site is optimized with the Yoast SEO plugin v25.9 - https:\/\/yoast.com\/wordpress\/plugins\/seo\/ -->\n<title>Sonder- un Gemeinschaftseigentum und die Gew\u00e4hrleistung - P\u00b2 Ingenieure<\/title>\n<meta name=\"robots\" content=\"index, follow, max-snippet:-1, max-image-preview:large, max-video-preview:-1\" \/>\n<link rel=\"canonical\" href=\"https:\/\/www.p2-ingenieure.de\/gut\/2017\/08\/18\/sonder-un-gemeinschaftseigentum-und-die-gewaehrleistung\/\" \/>\n<meta property=\"og:locale\" content=\"de_DE\" \/>\n<meta property=\"og:type\" content=\"article\" \/>\n<meta property=\"og:title\" content=\"Sonder- un Gemeinschaftseigentum und die Gew\u00e4hrleistung - P\u00b2 Ingenieure\" \/>\n<meta property=\"og:description\" content=\"Wir haben vor fast 4 Jahren unsere neue Wohnung bezogen. Nun kam die Hausverwaltung auf uns zu, es m\u00fcsse eine \u201eGew\u00e4hrleistungsbegehung\u201c erfolgen und wir sollten M\u00e4ngel melden. Hier solle unterschieden werden nach Gemeinschafts- und Sondereigentum. Um das Gemeinschaftseigentum k\u00fcmmert sich die Verwaltung, M\u00e4ngel am Sondereigentum sollen wir selbst beim Bautr\u00e4ger anmelden. Was hat es damit auf sich?\" \/>\n<meta property=\"og:url\" content=\"https:\/\/www.p2-ingenieure.de\/gut\/2017\/08\/18\/sonder-un-gemeinschaftseigentum-und-die-gewaehrleistung\/\" \/>\n<meta property=\"og:site_name\" content=\"P\u00b2 Ingenieure\" \/>\n<meta property=\"article:published_time\" content=\"2017-08-18T11:52:39+00:00\" \/>\n<meta property=\"og:image\" content=\"https:\/\/www.p2-ingenieure.de\/gut\/wp-content\/uploads\/2018\/03\/TSP-bild945x350-1.jpg\" \/>\n\t<meta property=\"og:image:width\" content=\"945\" \/>\n\t<meta property=\"og:image:height\" content=\"350\" \/>\n\t<meta property=\"og:image:type\" content=\"image\/jpeg\" \/>\n<meta name=\"author\" content=\"Paul\" \/>\n<meta name=\"twitter:card\" content=\"summary_large_image\" \/>\n<meta name=\"twitter:label1\" content=\"Verfasst von\" \/>\n\t<meta name=\"twitter:data1\" content=\"Paul\" \/>\n\t<meta name=\"twitter:label2\" content=\"Gesch\u00e4tzte Lesezeit\" \/>\n\t<meta name=\"twitter:data2\" content=\"2\u00a0Minuten\" \/>\n<script type=\"application\/ld+json\" class=\"yoast-schema-graph\">{\"@context\":\"https:\/\/schema.org\",\"@graph\":[{\"@type\":\"Article\",\"@id\":\"https:\/\/www.p2-ingenieure.de\/gut\/2017\/08\/18\/sonder-un-gemeinschaftseigentum-und-die-gewaehrleistung\/#article\",\"isPartOf\":{\"@id\":\"https:\/\/www.p2-ingenieure.de\/gut\/2017\/08\/18\/sonder-un-gemeinschaftseigentum-und-die-gewaehrleistung\/\"},\"author\":{\"name\":\"Paul\",\"@id\":\"https:\/\/www.p2-ingenieure.de\/gut\/#\/schema\/person\/f97c631d0ec288ddc753f40a90d3809b\"},\"headline\":\"Sonder- un Gemeinschaftseigentum und die Gew\u00e4hrleistung\",\"datePublished\":\"2017-08-18T11:52:39+00:00\",\"mainEntityOfPage\":{\"@id\":\"https:\/\/www.p2-ingenieure.de\/gut\/2017\/08\/18\/sonder-un-gemeinschaftseigentum-und-die-gewaehrleistung\/\"},\"wordCount\":464,\"publisher\":{\"@id\":\"https:\/\/www.p2-ingenieure.de\/gut\/#organization\"},\"image\":{\"@id\":\"https:\/\/www.p2-ingenieure.de\/gut\/2017\/08\/18\/sonder-un-gemeinschaftseigentum-und-die-gewaehrleistung\/#primaryimage\"},\"thumbnailUrl\":\"https:\/\/www.p2-ingenieure.de\/gut\/wp-content\/uploads\/2018\/03\/TSP-bild945x350-1.jpg\",\"keywords\":[\"Gemeinschaftseigentum\",\"Gew\u00e4hrleistung\",\"Gew\u00e4hrleistungsbegehung\",\"Sondereigentum\",\"WEG\"],\"articleSection\":[\"Tagesspiegel\"],\"inLanguage\":\"de\"},{\"@type\":\"WebPage\",\"@id\":\"https:\/\/www.p2-ingenieure.de\/gut\/2017\/08\/18\/sonder-un-gemeinschaftseigentum-und-die-gewaehrleistung\/\",\"url\":\"https:\/\/www.p2-ingenieure.de\/gut\/2017\/08\/18\/sonder-un-gemeinschaftseigentum-und-die-gewaehrleistung\/\",\"name\":\"Sonder- un Gemeinschaftseigentum und die Gew\u00e4hrleistung - P\u00b2 Ingenieure\",\"isPartOf\":{\"@id\":\"https:\/\/www.p2-ingenieure.de\/gut\/#website\"},\"primaryImageOfPage\":{\"@id\":\"https:\/\/www.p2-ingenieure.de\/gut\/2017\/08\/18\/sonder-un-gemeinschaftseigentum-und-die-gewaehrleistung\/#primaryimage\"},\"image\":{\"@id\":\"https:\/\/www.p2-ingenieure.de\/gut\/2017\/08\/18\/sonder-un-gemeinschaftseigentum-und-die-gewaehrleistung\/#primaryimage\"},\"thumbnailUrl\":\"https:\/\/www.p2-ingenieure.de\/gut\/wp-content\/uploads\/2018\/03\/TSP-bild945x350-1.jpg\",\"datePublished\":\"2017-08-18T11:52:39+00:00\",\"breadcrumb\":{\"@id\":\"https:\/\/www.p2-ingenieure.de\/gut\/2017\/08\/18\/sonder-un-gemeinschaftseigentum-und-die-gewaehrleistung\/#breadcrumb\"},\"inLanguage\":\"de\",\"potentialAction\":[{\"@type\":\"ReadAction\",\"target\":[\"https:\/\/www.p2-ingenieure.de\/gut\/2017\/08\/18\/sonder-un-gemeinschaftseigentum-und-die-gewaehrleistung\/\"]}]},{\"@type\":\"ImageObject\",\"inLanguage\":\"de\",\"@id\":\"https:\/\/www.p2-ingenieure.de\/gut\/2017\/08\/18\/sonder-un-gemeinschaftseigentum-und-die-gewaehrleistung\/#primaryimage\",\"url\":\"https:\/\/www.p2-ingenieure.de\/gut\/wp-content\/uploads\/2018\/03\/TSP-bild945x350-1.jpg\",\"contentUrl\":\"https:\/\/www.p2-ingenieure.de\/gut\/wp-content\/uploads\/2018\/03\/TSP-bild945x350-1.jpg\",\"width\":945,\"height\":350,\"caption\":\"Tagesspiegel Icon\"},{\"@type\":\"BreadcrumbList\",\"@id\":\"https:\/\/www.p2-ingenieure.de\/gut\/2017\/08\/18\/sonder-un-gemeinschaftseigentum-und-die-gewaehrleistung\/#breadcrumb\",\"itemListElement\":[{\"@type\":\"ListItem\",\"position\":1,\"name\":\"Startseite\",\"item\":\"https:\/\/www.p2-ingenieure.de\/gut\/\"},{\"@type\":\"ListItem\",\"position\":2,\"name\":\"Sonder- un Gemeinschaftseigentum und die Gew\u00e4hrleistung\"}]},{\"@type\":\"WebSite\",\"@id\":\"https:\/\/www.p2-ingenieure.de\/gut\/#website\",\"url\":\"https:\/\/www.p2-ingenieure.de\/gut\/\",\"name\":\"P\u00b2 Ingenieure\",\"description\":\"Ingenieurb\u00fcro Sabine und Manfred Puche\",\"publisher\":{\"@id\":\"https:\/\/www.p2-ingenieure.de\/gut\/#organization\"},\"potentialAction\":[{\"@type\":\"SearchAction\",\"target\":{\"@type\":\"EntryPoint\",\"urlTemplate\":\"https:\/\/www.p2-ingenieure.de\/gut\/?s={search_term_string}\"},\"query-input\":{\"@type\":\"PropertyValueSpecification\",\"valueRequired\":true,\"valueName\":\"search_term_string\"}}],\"inLanguage\":\"de\"},{\"@type\":\"Organization\",\"@id\":\"https:\/\/www.p2-ingenieure.de\/gut\/#organization\",\"name\":\"P\u00b2 Ingenieure\",\"url\":\"https:\/\/www.p2-ingenieure.de\/gut\/\",\"logo\":{\"@type\":\"ImageObject\",\"inLanguage\":\"de\",\"@id\":\"https:\/\/www.p2-ingenieure.de\/gut\/#\/schema\/logo\/image\/\",\"url\":\"https:\/\/www.p2-ingenieure.de\/gut\/wp-content\/uploads\/2025\/02\/cropped-logo200x200.png\",\"contentUrl\":\"https:\/\/www.p2-ingenieure.de\/gut\/wp-content\/uploads\/2025\/02\/cropped-logo200x200.png\",\"width\":512,\"height\":512,\"caption\":\"P\u00b2 Ingenieure\"},\"image\":{\"@id\":\"https:\/\/www.p2-ingenieure.de\/gut\/#\/schema\/logo\/image\/\"}},{\"@type\":\"Person\",\"@id\":\"https:\/\/www.p2-ingenieure.de\/gut\/#\/schema\/person\/f97c631d0ec288ddc753f40a90d3809b\",\"name\":\"Paul\",\"image\":{\"@type\":\"ImageObject\",\"inLanguage\":\"de\",\"@id\":\"https:\/\/www.p2-ingenieure.de\/gut\/#\/schema\/person\/image\/\",\"url\":\"https:\/\/secure.gravatar.com\/avatar\/2d82a344fc8c5bf8fe56df9cbca897eddd43ae86d04b0228884f9aa72ea5d153?s=96&d=mm&r=g\",\"contentUrl\":\"https:\/\/secure.gravatar.com\/avatar\/2d82a344fc8c5bf8fe56df9cbca897eddd43ae86d04b0228884f9aa72ea5d153?s=96&d=mm&r=g\",\"caption\":\"Paul\"},\"sameAs\":[\"https:\/\/www.p2-ingenieure.de\/gut\"],\"url\":\"https:\/\/www.p2-ingenieure.de\/gut\/author\/paul\/\"}]}<\/script>\n<!-- \/ Yoast SEO plugin. -->","yoast_head_json":{"title":"Sonder- un Gemeinschaftseigentum und die Gew\u00e4hrleistung - P\u00b2 Ingenieure","robots":{"index":"index","follow":"follow","max-snippet":"max-snippet:-1","max-image-preview":"max-image-preview:large","max-video-preview":"max-video-preview:-1"},"canonical":"https:\/\/www.p2-ingenieure.de\/gut\/2017\/08\/18\/sonder-un-gemeinschaftseigentum-und-die-gewaehrleistung\/","og_locale":"de_DE","og_type":"article","og_title":"Sonder- un Gemeinschaftseigentum und die Gew\u00e4hrleistung - P\u00b2 Ingenieure","og_description":"Wir haben vor fast 4 Jahren unsere neue Wohnung bezogen. Nun kam die Hausverwaltung auf uns zu, es m\u00fcsse eine \u201eGew\u00e4hrleistungsbegehung\u201c erfolgen und wir sollten M\u00e4ngel melden. Hier solle unterschieden werden nach Gemeinschafts- und Sondereigentum. Um das Gemeinschaftseigentum k\u00fcmmert sich die Verwaltung, M\u00e4ngel am Sondereigentum sollen wir selbst beim Bautr\u00e4ger anmelden. Was hat es damit auf sich?","og_url":"https:\/\/www.p2-ingenieure.de\/gut\/2017\/08\/18\/sonder-un-gemeinschaftseigentum-und-die-gewaehrleistung\/","og_site_name":"P\u00b2 Ingenieure","article_published_time":"2017-08-18T11:52:39+00:00","og_image":[{"width":945,"height":350,"url":"https:\/\/www.p2-ingenieure.de\/gut\/wp-content\/uploads\/2018\/03\/TSP-bild945x350-1.jpg","type":"image\/jpeg"}],"author":"Paul","twitter_card":"summary_large_image","twitter_misc":{"Verfasst von":"Paul","Gesch\u00e4tzte Lesezeit":"2\u00a0Minuten"},"schema":{"@context":"https:\/\/schema.org","@graph":[{"@type":"Article","@id":"https:\/\/www.p2-ingenieure.de\/gut\/2017\/08\/18\/sonder-un-gemeinschaftseigentum-und-die-gewaehrleistung\/#article","isPartOf":{"@id":"https:\/\/www.p2-ingenieure.de\/gut\/2017\/08\/18\/sonder-un-gemeinschaftseigentum-und-die-gewaehrleistung\/"},"author":{"name":"Paul","@id":"https:\/\/www.p2-ingenieure.de\/gut\/#\/schema\/person\/f97c631d0ec288ddc753f40a90d3809b"},"headline":"Sonder- un Gemeinschaftseigentum und die Gew\u00e4hrleistung","datePublished":"2017-08-18T11:52:39+00:00","mainEntityOfPage":{"@id":"https:\/\/www.p2-ingenieure.de\/gut\/2017\/08\/18\/sonder-un-gemeinschaftseigentum-und-die-gewaehrleistung\/"},"wordCount":464,"publisher":{"@id":"https:\/\/www.p2-ingenieure.de\/gut\/#organization"},"image":{"@id":"https:\/\/www.p2-ingenieure.de\/gut\/2017\/08\/18\/sonder-un-gemeinschaftseigentum-und-die-gewaehrleistung\/#primaryimage"},"thumbnailUrl":"https:\/\/www.p2-ingenieure.de\/gut\/wp-content\/uploads\/2018\/03\/TSP-bild945x350-1.jpg","keywords":["Gemeinschaftseigentum","Gew\u00e4hrleistung","Gew\u00e4hrleistungsbegehung","Sondereigentum","WEG"],"articleSection":["Tagesspiegel"],"inLanguage":"de"},{"@type":"WebPage","@id":"https:\/\/www.p2-ingenieure.de\/gut\/2017\/08\/18\/sonder-un-gemeinschaftseigentum-und-die-gewaehrleistung\/","url":"https:\/\/www.p2-ingenieure.de\/gut\/2017\/08\/18\/sonder-un-gemeinschaftseigentum-und-die-gewaehrleistung\/","name":"Sonder- un Gemeinschaftseigentum und die Gew\u00e4hrleistung - P\u00b2 Ingenieure","isPartOf":{"@id":"https:\/\/www.p2-ingenieure.de\/gut\/#website"},"primaryImageOfPage":{"@id":"https:\/\/www.p2-ingenieure.de\/gut\/2017\/08\/18\/sonder-un-gemeinschaftseigentum-und-die-gewaehrleistung\/#primaryimage"},"image":{"@id":"https:\/\/www.p2-ingenieure.de\/gut\/2017\/08\/18\/sonder-un-gemeinschaftseigentum-und-die-gewaehrleistung\/#primaryimage"},"thumbnailUrl":"https:\/\/www.p2-ingenieure.de\/gut\/wp-content\/uploads\/2018\/03\/TSP-bild945x350-1.jpg","datePublished":"2017-08-18T11:52:39+00:00","breadcrumb":{"@id":"https:\/\/www.p2-ingenieure.de\/gut\/2017\/08\/18\/sonder-un-gemeinschaftseigentum-und-die-gewaehrleistung\/#breadcrumb"},"inLanguage":"de","potentialAction":[{"@type":"ReadAction","target":["https:\/\/www.p2-ingenieure.de\/gut\/2017\/08\/18\/sonder-un-gemeinschaftseigentum-und-die-gewaehrleistung\/"]}]},{"@type":"ImageObject","inLanguage":"de","@id":"https:\/\/www.p2-ingenieure.de\/gut\/2017\/08\/18\/sonder-un-gemeinschaftseigentum-und-die-gewaehrleistung\/#primaryimage","url":"https:\/\/www.p2-ingenieure.de\/gut\/wp-content\/uploads\/2018\/03\/TSP-bild945x350-1.jpg","contentUrl":"https:\/\/www.p2-ingenieure.de\/gut\/wp-content\/uploads\/2018\/03\/TSP-bild945x350-1.jpg","width":945,"height":350,"caption":"Tagesspiegel Icon"},{"@type":"BreadcrumbList","@id":"https:\/\/www.p2-ingenieure.de\/gut\/2017\/08\/18\/sonder-un-gemeinschaftseigentum-und-die-gewaehrleistung\/#breadcrumb","itemListElement":[{"@type":"ListItem","position":1,"name":"Startseite","item":"https:\/\/www.p2-ingenieure.de\/gut\/"},{"@type":"ListItem","position":2,"name":"Sonder- un Gemeinschaftseigentum und die Gew\u00e4hrleistung"}]},{"@type":"WebSite","@id":"https:\/\/www.p2-ingenieure.de\/gut\/#website","url":"https:\/\/www.p2-ingenieure.de\/gut\/","name":"P\u00b2 Ingenieure","description":"Ingenieurb\u00fcro Sabine und Manfred Puche","publisher":{"@id":"https:\/\/www.p2-ingenieure.de\/gut\/#organization"},"potentialAction":[{"@type":"SearchAction","target":{"@type":"EntryPoint","urlTemplate":"https:\/\/www.p2-ingenieure.de\/gut\/?s={search_term_string}"},"query-input":{"@type":"PropertyValueSpecification","valueRequired":true,"valueName":"search_term_string"}}],"inLanguage":"de"},{"@type":"Organization","@id":"https:\/\/www.p2-ingenieure.de\/gut\/#organization","name":"P\u00b2 Ingenieure","url":"https:\/\/www.p2-ingenieure.de\/gut\/","logo":{"@type":"ImageObject","inLanguage":"de","@id":"https:\/\/www.p2-ingenieure.de\/gut\/#\/schema\/logo\/image\/","url":"https:\/\/www.p2-ingenieure.de\/gut\/wp-content\/uploads\/2025\/02\/cropped-logo200x200.png","contentUrl":"https:\/\/www.p2-ingenieure.de\/gut\/wp-content\/uploads\/2025\/02\/cropped-logo200x200.png","width":512,"height":512,"caption":"P\u00b2 Ingenieure"},"image":{"@id":"https:\/\/www.p2-ingenieure.de\/gut\/#\/schema\/logo\/image\/"}},{"@type":"Person","@id":"https:\/\/www.p2-ingenieure.de\/gut\/#\/schema\/person\/f97c631d0ec288ddc753f40a90d3809b","name":"Paul","image":{"@type":"ImageObject","inLanguage":"de","@id":"https:\/\/www.p2-ingenieure.de\/gut\/#\/schema\/person\/image\/","url":"https:\/\/secure.gravatar.com\/avatar\/2d82a344fc8c5bf8fe56df9cbca897eddd43ae86d04b0228884f9aa72ea5d153?s=96&d=mm&r=g","contentUrl":"https:\/\/secure.gravatar.com\/avatar\/2d82a344fc8c5bf8fe56df9cbca897eddd43ae86d04b0228884f9aa72ea5d153?s=96&d=mm&r=g","caption":"Paul"},"sameAs":["https:\/\/www.p2-ingenieure.de\/gut"],"url":"https:\/\/www.p2-ingenieure.de\/gut\/author\/paul\/"}]}},"_links":{"self":[{"href":"https:\/\/www.p2-ingenieure.de\/gut\/wp-json\/wp\/v2\/posts\/1526","targetHints":{"allow":["GET"]}}],"collection":[{"href":"https:\/\/www.p2-ingenieure.de\/gut\/wp-json\/wp\/v2\/posts"}],"about":[{"href":"https:\/\/www.p2-ingenieure.de\/gut\/wp-json\/wp\/v2\/types\/post"}],"author":[{"embeddable":true,"href":"https:\/\/www.p2-ingenieure.de\/gut\/wp-json\/wp\/v2\/users\/1"}],"replies":[{"embeddable":true,"href":"https:\/\/www.p2-ingenieure.de\/gut\/wp-json\/wp\/v2\/comments?post=1526"}],"version-history":[{"count":0,"href":"https:\/\/www.p2-ingenieure.de\/gut\/wp-json\/wp\/v2\/posts\/1526\/revisions"}],"wp:featuredmedia":[{"embeddable":true,"href":"https:\/\/www.p2-ingenieure.de\/gut\/wp-json\/wp\/v2\/media\/1486"}],"wp:attachment":[{"href":"https:\/\/www.p2-ingenieure.de\/gut\/wp-json\/wp\/v2\/media?parent=1526"}],"wp:term":[{"taxonomy":"category","embeddable":true,"href":"https:\/\/www.p2-ingenieure.de\/gut\/wp-json\/wp\/v2\/categories?post=1526"},{"taxonomy":"post_tag","embeddable":true,"href":"https:\/\/www.p2-ingenieure.de\/gut\/wp-json\/wp\/v2\/tags?post=1526"},{"taxonomy":"post_series","embeddable":true,"href":"https:\/\/www.p2-ingenieure.de\/gut\/wp-json\/wp\/v2\/post_series?post=1526"}],"curies":[{"name":"wp","href":"https:\/\/api.w.org\/{rel}","templated":true}]}}