{"id":1531,"date":"2017-07-29T15:43:57","date_gmt":"2017-07-29T14:43:57","guid":{"rendered":"http:\/\/www.p2-ingenieure.de\/wordpress\/?p=1531"},"modified":"2017-07-29T15:43:57","modified_gmt":"2017-07-29T14:43:57","slug":"kellerabdichtung-ja-aber-wie","status":"publish","type":"post","link":"https:\/\/www.p2-ingenieure.de\/gut\/2017\/07\/29\/kellerabdichtung-ja-aber-wie\/","title":{"rendered":"Kellerabdichtung &#8211; Ja, aber wie?"},"content":{"rendered":"<p><em>Erschienen am 27.07.2017\u00a0<\/em><em>im Tagesspiegel\u00a0<\/em><em>unter dem Titel &#8222;Unten muss es Trocken bleiben&#8220;<\/em><\/p>\n<h4>Was steht ins Haus?<\/h4>\n<p>Bei der Planung unseres Hauses am S\u00fcdrand von Berlin stehen wir vor der Entscheidung: Keller aus Beton oder mit einer so genannten schwarzen Abdichtung. Auf einen Keller wollen wir nicht verzichten, den zus\u00e4tzlichen Platz als Stauraum oder Hobbykeller k\u00f6nnen wir gut gebrauchen, vielleicht zieht auch sp\u00e4ter ein Kind dort ein. Wir h\u00f6ren immer wieder von Keller-Undichtigkeiten und sind unsicher, ob eine \u201ewei\u00dfe Wanne\u201c besser als eine Schwarzabdichtung ist. Gibt es Vor- oder Nachteile der einen oder anderen Bauausf\u00fchrung? Wie sieht es mit den Kosten aus?<\/p>\n<h4>Was steht im Gesetz?<\/h4>\n<p>Dies ist tats\u00e4chlich eine wichtige Entscheidung, die fr\u00fch getroffen werden muss, auch im Hinblick auf die etwas h\u00f6heren Kosten der Beton- Ausf\u00fchrung. Grunds\u00e4tzlich sind beide Bauarten fachgerecht und k\u00f6nnen mangelfrei hergestellt werden. Ich gehe davon aus, dass Sie den Keller zumindest gegen Stauwasser abdichten m\u00fcssen. Dies k\u00f6nnen Sie \u201eschwarz\u201c mit Bitumenbahnen oder einer Bitumenspachtelung \u201ekunststoffmodifizierte Bitumenspachtelung\u201c KMB machen. Die KMB wird vor Ort auf aufgespachtelt, 3 oder 4mm dick mit einer Gewebeeinlage. Der Vorteil ist, dass diese Abdichtung nicht hinterl\u00e4ufig ist, d.h. eine Fehlstelle innen liegt an der Stelle eines Lecks au\u00dfen. Die Bahnen werden aufgeklebt oder aufgeschwei\u00dft. Es gibt sie auch als Folienabdichtung, die das ganze Haus einschlie\u00dft. Da diese Abdichtungsart nicht vollst\u00e4ndig aufgeklebt werden kann, ist sie hinterl\u00e4ufig, das Auffinden m\u00f6glicher Lecks in der Abdichtung ist dann \u00e4u\u00dferst schwierig. F\u00fcr die wei\u00dfe Wanne (WU) gibt es keine Normen, es ist aber eine geregelte Bauweise, die keine weitere Abdichtung ben\u00f6tigt \u2013 der Beton ist dicht. Eine Undichtigkeit kann von innen verpresst, d.h. repariert werden, ein Zugang von au\u00dfen ist nicht erforderlich. Damit die Kellerr\u00e4ume behaglich und nicht feucht-kalt erscheinen, m\u00fcssen sie von au\u00dfen ged\u00e4mmt werden \u2013 sonst sind die Umfassungsw\u00e4nde im Hobbyraum k\u00fchl. So geh\u00f6rt nat\u00fcrlich auch eine Heizung in das Untergeschoss.<\/p>\n<h4>Und wie stehen Sie dazu?<\/h4>\n<p>Bei der Kellerplanung muss immer auch bedacht werden, dass ggf. eine Reparatur erforderlich sein kann. Leider sind die Grundwasserverh\u00e4ltnisse hier f\u00fcr einen Keller- Wassertest \u00e4u\u00dferst ung\u00fcnstig, die wenigsten Abdichtungen werden wirklich gepr\u00fcft. So kann es sein, dass Stauwasser erst nach Jahren erstmals auftritt. Dann muss die Leckage gefunden und repariert werden. Dies geht nur bei einem WU-Keller einfach und zuverl\u00e4ssig, der Aufwand h\u00e4lt sich in Grenzen. An eine schwarze Abdichtung muss man von au\u00dfen ran \u2013 ggf. unter der Garage oder der Terrasse, vielleicht auch vom Nachbargrundst\u00fcck aus. Der Schaden, der dann entsteht, \u00fcbersteigt die eigentlichen Reparaturkosten\u2013und schnell auch die Mehrkosten eines Betonkellers. Der Arzt empfiehlt Vorsorge, der Sachverst\u00e4ndige eine leichte Reparaturm\u00f6glichkeit.<\/p>\n","protected":false},"excerpt":{"rendered":"<p>Bei der Kellerplanung muss immer auch bedacht werden, dass ggf. eine Reparatur erforderlich sein kann. Leider sind die Grundwasserverh\u00e4ltnisse hier f\u00fcr einen Keller- Wassertest \u00e4u\u00dferst ung\u00fcnstig, die wenigsten Abdichtungen werden wirklich gepr\u00fcft.<\/p>\n","protected":false},"author":1,"featured_media":1486,"comment_status":"closed","ping_status":"open","sticky":false,"template":"page-with-right-sidebar","format":"standard","meta":{"footnotes":""},"categories":[9],"tags":[26,32,28,33,34],"post_series":[],"class_list":["post-1531","post","type-post","status-publish","format-standard","has-post-thumbnail","hentry","category-tagesspiegel","tag-abdichtung","tag-beton","tag-keller","tag-stauwasser","tag-weisse-wanne","entry","has-media"],"yoast_head":"<!-- This site is optimized with the Yoast SEO plugin v25.9 - https:\/\/yoast.com\/wordpress\/plugins\/seo\/ -->\n<title>Kellerabdichtung - Ja, aber wie? - P\u00b2 Ingenieure<\/title>\n<meta name=\"robots\" content=\"index, follow, max-snippet:-1, max-image-preview:large, max-video-preview:-1\" \/>\n<link rel=\"canonical\" href=\"https:\/\/www.p2-ingenieure.de\/gut\/2017\/07\/29\/kellerabdichtung-ja-aber-wie\/\" \/>\n<meta property=\"og:locale\" content=\"de_DE\" \/>\n<meta property=\"og:type\" content=\"article\" \/>\n<meta property=\"og:title\" content=\"Kellerabdichtung - Ja, aber wie? - P\u00b2 Ingenieure\" \/>\n<meta property=\"og:description\" content=\"Bei der Kellerplanung muss immer auch bedacht werden, dass ggf. eine Reparatur erforderlich sein kann. Leider sind die Grundwasserverh\u00e4ltnisse hier f\u00fcr einen Keller- Wassertest \u00e4u\u00dferst ung\u00fcnstig, die wenigsten Abdichtungen werden wirklich gepr\u00fcft.\" \/>\n<meta property=\"og:url\" content=\"https:\/\/www.p2-ingenieure.de\/gut\/2017\/07\/29\/kellerabdichtung-ja-aber-wie\/\" \/>\n<meta property=\"og:site_name\" content=\"P\u00b2 Ingenieure\" \/>\n<meta property=\"article:published_time\" content=\"2017-07-29T14:43:57+00:00\" \/>\n<meta property=\"og:image\" content=\"https:\/\/www.p2-ingenieure.de\/gut\/wp-content\/uploads\/2018\/03\/TSP-bild945x350-1.jpg\" \/>\n\t<meta property=\"og:image:width\" content=\"945\" \/>\n\t<meta property=\"og:image:height\" content=\"350\" \/>\n\t<meta property=\"og:image:type\" content=\"image\/jpeg\" \/>\n<meta name=\"author\" content=\"Paul\" \/>\n<meta name=\"twitter:card\" content=\"summary_large_image\" \/>\n<meta name=\"twitter:label1\" content=\"Verfasst von\" \/>\n\t<meta name=\"twitter:data1\" content=\"Paul\" \/>\n\t<meta name=\"twitter:label2\" content=\"Gesch\u00e4tzte Lesezeit\" \/>\n\t<meta name=\"twitter:data2\" content=\"2\u00a0Minuten\" \/>\n<script type=\"application\/ld+json\" class=\"yoast-schema-graph\">{\"@context\":\"https:\/\/schema.org\",\"@graph\":[{\"@type\":\"Article\",\"@id\":\"https:\/\/www.p2-ingenieure.de\/gut\/2017\/07\/29\/kellerabdichtung-ja-aber-wie\/#article\",\"isPartOf\":{\"@id\":\"https:\/\/www.p2-ingenieure.de\/gut\/2017\/07\/29\/kellerabdichtung-ja-aber-wie\/\"},\"author\":{\"name\":\"Paul\",\"@id\":\"https:\/\/www.p2-ingenieure.de\/gut\/#\/schema\/person\/f97c631d0ec288ddc753f40a90d3809b\"},\"headline\":\"Kellerabdichtung &#8211; Ja, aber wie?\",\"datePublished\":\"2017-07-29T14:43:57+00:00\",\"mainEntityOfPage\":{\"@id\":\"https:\/\/www.p2-ingenieure.de\/gut\/2017\/07\/29\/kellerabdichtung-ja-aber-wie\/\"},\"wordCount\":475,\"publisher\":{\"@id\":\"https:\/\/www.p2-ingenieure.de\/gut\/#organization\"},\"image\":{\"@id\":\"https:\/\/www.p2-ingenieure.de\/gut\/2017\/07\/29\/kellerabdichtung-ja-aber-wie\/#primaryimage\"},\"thumbnailUrl\":\"https:\/\/www.p2-ingenieure.de\/gut\/wp-content\/uploads\/2018\/03\/TSP-bild945x350-1.jpg\",\"keywords\":[\"Abdichtung\",\"Beton\",\"Keller\",\"Stauwasser\",\"Wei\u00dfe Wanne\"],\"articleSection\":[\"Tagesspiegel\"],\"inLanguage\":\"de\"},{\"@type\":\"WebPage\",\"@id\":\"https:\/\/www.p2-ingenieure.de\/gut\/2017\/07\/29\/kellerabdichtung-ja-aber-wie\/\",\"url\":\"https:\/\/www.p2-ingenieure.de\/gut\/2017\/07\/29\/kellerabdichtung-ja-aber-wie\/\",\"name\":\"Kellerabdichtung - Ja, aber wie? - P\u00b2 Ingenieure\",\"isPartOf\":{\"@id\":\"https:\/\/www.p2-ingenieure.de\/gut\/#website\"},\"primaryImageOfPage\":{\"@id\":\"https:\/\/www.p2-ingenieure.de\/gut\/2017\/07\/29\/kellerabdichtung-ja-aber-wie\/#primaryimage\"},\"image\":{\"@id\":\"https:\/\/www.p2-ingenieure.de\/gut\/2017\/07\/29\/kellerabdichtung-ja-aber-wie\/#primaryimage\"},\"thumbnailUrl\":\"https:\/\/www.p2-ingenieure.de\/gut\/wp-content\/uploads\/2018\/03\/TSP-bild945x350-1.jpg\",\"datePublished\":\"2017-07-29T14:43:57+00:00\",\"breadcrumb\":{\"@id\":\"https:\/\/www.p2-ingenieure.de\/gut\/2017\/07\/29\/kellerabdichtung-ja-aber-wie\/#breadcrumb\"},\"inLanguage\":\"de\",\"potentialAction\":[{\"@type\":\"ReadAction\",\"target\":[\"https:\/\/www.p2-ingenieure.de\/gut\/2017\/07\/29\/kellerabdichtung-ja-aber-wie\/\"]}]},{\"@type\":\"ImageObject\",\"inLanguage\":\"de\",\"@id\":\"https:\/\/www.p2-ingenieure.de\/gut\/2017\/07\/29\/kellerabdichtung-ja-aber-wie\/#primaryimage\",\"url\":\"https:\/\/www.p2-ingenieure.de\/gut\/wp-content\/uploads\/2018\/03\/TSP-bild945x350-1.jpg\",\"contentUrl\":\"https:\/\/www.p2-ingenieure.de\/gut\/wp-content\/uploads\/2018\/03\/TSP-bild945x350-1.jpg\",\"width\":945,\"height\":350,\"caption\":\"Tagesspiegel Icon\"},{\"@type\":\"BreadcrumbList\",\"@id\":\"https:\/\/www.p2-ingenieure.de\/gut\/2017\/07\/29\/kellerabdichtung-ja-aber-wie\/#breadcrumb\",\"itemListElement\":[{\"@type\":\"ListItem\",\"position\":1,\"name\":\"Startseite\",\"item\":\"https:\/\/www.p2-ingenieure.de\/gut\/\"},{\"@type\":\"ListItem\",\"position\":2,\"name\":\"Kellerabdichtung &#8211; Ja, aber wie?\"}]},{\"@type\":\"WebSite\",\"@id\":\"https:\/\/www.p2-ingenieure.de\/gut\/#website\",\"url\":\"https:\/\/www.p2-ingenieure.de\/gut\/\",\"name\":\"P\u00b2 Ingenieure\",\"description\":\"Ingenieurb\u00fcro Sabine und Manfred Puche\",\"publisher\":{\"@id\":\"https:\/\/www.p2-ingenieure.de\/gut\/#organization\"},\"potentialAction\":[{\"@type\":\"SearchAction\",\"target\":{\"@type\":\"EntryPoint\",\"urlTemplate\":\"https:\/\/www.p2-ingenieure.de\/gut\/?s={search_term_string}\"},\"query-input\":{\"@type\":\"PropertyValueSpecification\",\"valueRequired\":true,\"valueName\":\"search_term_string\"}}],\"inLanguage\":\"de\"},{\"@type\":\"Organization\",\"@id\":\"https:\/\/www.p2-ingenieure.de\/gut\/#organization\",\"name\":\"P\u00b2 Ingenieure\",\"url\":\"https:\/\/www.p2-ingenieure.de\/gut\/\",\"logo\":{\"@type\":\"ImageObject\",\"inLanguage\":\"de\",\"@id\":\"https:\/\/www.p2-ingenieure.de\/gut\/#\/schema\/logo\/image\/\",\"url\":\"https:\/\/www.p2-ingenieure.de\/gut\/wp-content\/uploads\/2025\/02\/cropped-logo200x200.png\",\"contentUrl\":\"https:\/\/www.p2-ingenieure.de\/gut\/wp-content\/uploads\/2025\/02\/cropped-logo200x200.png\",\"width\":512,\"height\":512,\"caption\":\"P\u00b2 Ingenieure\"},\"image\":{\"@id\":\"https:\/\/www.p2-ingenieure.de\/gut\/#\/schema\/logo\/image\/\"}},{\"@type\":\"Person\",\"@id\":\"https:\/\/www.p2-ingenieure.de\/gut\/#\/schema\/person\/f97c631d0ec288ddc753f40a90d3809b\",\"name\":\"Paul\",\"image\":{\"@type\":\"ImageObject\",\"inLanguage\":\"de\",\"@id\":\"https:\/\/www.p2-ingenieure.de\/gut\/#\/schema\/person\/image\/\",\"url\":\"https:\/\/secure.gravatar.com\/avatar\/2d82a344fc8c5bf8fe56df9cbca897eddd43ae86d04b0228884f9aa72ea5d153?s=96&d=mm&r=g\",\"contentUrl\":\"https:\/\/secure.gravatar.com\/avatar\/2d82a344fc8c5bf8fe56df9cbca897eddd43ae86d04b0228884f9aa72ea5d153?s=96&d=mm&r=g\",\"caption\":\"Paul\"},\"sameAs\":[\"https:\/\/www.p2-ingenieure.de\/gut\"],\"url\":\"https:\/\/www.p2-ingenieure.de\/gut\/author\/paul\/\"}]}<\/script>\n<!-- \/ Yoast SEO plugin. -->","yoast_head_json":{"title":"Kellerabdichtung - Ja, aber wie? - P\u00b2 Ingenieure","robots":{"index":"index","follow":"follow","max-snippet":"max-snippet:-1","max-image-preview":"max-image-preview:large","max-video-preview":"max-video-preview:-1"},"canonical":"https:\/\/www.p2-ingenieure.de\/gut\/2017\/07\/29\/kellerabdichtung-ja-aber-wie\/","og_locale":"de_DE","og_type":"article","og_title":"Kellerabdichtung - Ja, aber wie? - P\u00b2 Ingenieure","og_description":"Bei der Kellerplanung muss immer auch bedacht werden, dass ggf. eine Reparatur erforderlich sein kann. Leider sind die Grundwasserverh\u00e4ltnisse hier f\u00fcr einen Keller- Wassertest \u00e4u\u00dferst ung\u00fcnstig, die wenigsten Abdichtungen werden wirklich gepr\u00fcft.","og_url":"https:\/\/www.p2-ingenieure.de\/gut\/2017\/07\/29\/kellerabdichtung-ja-aber-wie\/","og_site_name":"P\u00b2 Ingenieure","article_published_time":"2017-07-29T14:43:57+00:00","og_image":[{"width":945,"height":350,"url":"https:\/\/www.p2-ingenieure.de\/gut\/wp-content\/uploads\/2018\/03\/TSP-bild945x350-1.jpg","type":"image\/jpeg"}],"author":"Paul","twitter_card":"summary_large_image","twitter_misc":{"Verfasst von":"Paul","Gesch\u00e4tzte Lesezeit":"2\u00a0Minuten"},"schema":{"@context":"https:\/\/schema.org","@graph":[{"@type":"Article","@id":"https:\/\/www.p2-ingenieure.de\/gut\/2017\/07\/29\/kellerabdichtung-ja-aber-wie\/#article","isPartOf":{"@id":"https:\/\/www.p2-ingenieure.de\/gut\/2017\/07\/29\/kellerabdichtung-ja-aber-wie\/"},"author":{"name":"Paul","@id":"https:\/\/www.p2-ingenieure.de\/gut\/#\/schema\/person\/f97c631d0ec288ddc753f40a90d3809b"},"headline":"Kellerabdichtung &#8211; Ja, aber wie?","datePublished":"2017-07-29T14:43:57+00:00","mainEntityOfPage":{"@id":"https:\/\/www.p2-ingenieure.de\/gut\/2017\/07\/29\/kellerabdichtung-ja-aber-wie\/"},"wordCount":475,"publisher":{"@id":"https:\/\/www.p2-ingenieure.de\/gut\/#organization"},"image":{"@id":"https:\/\/www.p2-ingenieure.de\/gut\/2017\/07\/29\/kellerabdichtung-ja-aber-wie\/#primaryimage"},"thumbnailUrl":"https:\/\/www.p2-ingenieure.de\/gut\/wp-content\/uploads\/2018\/03\/TSP-bild945x350-1.jpg","keywords":["Abdichtung","Beton","Keller","Stauwasser","Wei\u00dfe Wanne"],"articleSection":["Tagesspiegel"],"inLanguage":"de"},{"@type":"WebPage","@id":"https:\/\/www.p2-ingenieure.de\/gut\/2017\/07\/29\/kellerabdichtung-ja-aber-wie\/","url":"https:\/\/www.p2-ingenieure.de\/gut\/2017\/07\/29\/kellerabdichtung-ja-aber-wie\/","name":"Kellerabdichtung - Ja, aber wie? - P\u00b2 Ingenieure","isPartOf":{"@id":"https:\/\/www.p2-ingenieure.de\/gut\/#website"},"primaryImageOfPage":{"@id":"https:\/\/www.p2-ingenieure.de\/gut\/2017\/07\/29\/kellerabdichtung-ja-aber-wie\/#primaryimage"},"image":{"@id":"https:\/\/www.p2-ingenieure.de\/gut\/2017\/07\/29\/kellerabdichtung-ja-aber-wie\/#primaryimage"},"thumbnailUrl":"https:\/\/www.p2-ingenieure.de\/gut\/wp-content\/uploads\/2018\/03\/TSP-bild945x350-1.jpg","datePublished":"2017-07-29T14:43:57+00:00","breadcrumb":{"@id":"https:\/\/www.p2-ingenieure.de\/gut\/2017\/07\/29\/kellerabdichtung-ja-aber-wie\/#breadcrumb"},"inLanguage":"de","potentialAction":[{"@type":"ReadAction","target":["https:\/\/www.p2-ingenieure.de\/gut\/2017\/07\/29\/kellerabdichtung-ja-aber-wie\/"]}]},{"@type":"ImageObject","inLanguage":"de","@id":"https:\/\/www.p2-ingenieure.de\/gut\/2017\/07\/29\/kellerabdichtung-ja-aber-wie\/#primaryimage","url":"https:\/\/www.p2-ingenieure.de\/gut\/wp-content\/uploads\/2018\/03\/TSP-bild945x350-1.jpg","contentUrl":"https:\/\/www.p2-ingenieure.de\/gut\/wp-content\/uploads\/2018\/03\/TSP-bild945x350-1.jpg","width":945,"height":350,"caption":"Tagesspiegel Icon"},{"@type":"BreadcrumbList","@id":"https:\/\/www.p2-ingenieure.de\/gut\/2017\/07\/29\/kellerabdichtung-ja-aber-wie\/#breadcrumb","itemListElement":[{"@type":"ListItem","position":1,"name":"Startseite","item":"https:\/\/www.p2-ingenieure.de\/gut\/"},{"@type":"ListItem","position":2,"name":"Kellerabdichtung &#8211; Ja, aber wie?"}]},{"@type":"WebSite","@id":"https:\/\/www.p2-ingenieure.de\/gut\/#website","url":"https:\/\/www.p2-ingenieure.de\/gut\/","name":"P\u00b2 Ingenieure","description":"Ingenieurb\u00fcro Sabine und Manfred Puche","publisher":{"@id":"https:\/\/www.p2-ingenieure.de\/gut\/#organization"},"potentialAction":[{"@type":"SearchAction","target":{"@type":"EntryPoint","urlTemplate":"https:\/\/www.p2-ingenieure.de\/gut\/?s={search_term_string}"},"query-input":{"@type":"PropertyValueSpecification","valueRequired":true,"valueName":"search_term_string"}}],"inLanguage":"de"},{"@type":"Organization","@id":"https:\/\/www.p2-ingenieure.de\/gut\/#organization","name":"P\u00b2 Ingenieure","url":"https:\/\/www.p2-ingenieure.de\/gut\/","logo":{"@type":"ImageObject","inLanguage":"de","@id":"https:\/\/www.p2-ingenieure.de\/gut\/#\/schema\/logo\/image\/","url":"https:\/\/www.p2-ingenieure.de\/gut\/wp-content\/uploads\/2025\/02\/cropped-logo200x200.png","contentUrl":"https:\/\/www.p2-ingenieure.de\/gut\/wp-content\/uploads\/2025\/02\/cropped-logo200x200.png","width":512,"height":512,"caption":"P\u00b2 Ingenieure"},"image":{"@id":"https:\/\/www.p2-ingenieure.de\/gut\/#\/schema\/logo\/image\/"}},{"@type":"Person","@id":"https:\/\/www.p2-ingenieure.de\/gut\/#\/schema\/person\/f97c631d0ec288ddc753f40a90d3809b","name":"Paul","image":{"@type":"ImageObject","inLanguage":"de","@id":"https:\/\/www.p2-ingenieure.de\/gut\/#\/schema\/person\/image\/","url":"https:\/\/secure.gravatar.com\/avatar\/2d82a344fc8c5bf8fe56df9cbca897eddd43ae86d04b0228884f9aa72ea5d153?s=96&d=mm&r=g","contentUrl":"https:\/\/secure.gravatar.com\/avatar\/2d82a344fc8c5bf8fe56df9cbca897eddd43ae86d04b0228884f9aa72ea5d153?s=96&d=mm&r=g","caption":"Paul"},"sameAs":["https:\/\/www.p2-ingenieure.de\/gut"],"url":"https:\/\/www.p2-ingenieure.de\/gut\/author\/paul\/"}]}},"_links":{"self":[{"href":"https:\/\/www.p2-ingenieure.de\/gut\/wp-json\/wp\/v2\/posts\/1531","targetHints":{"allow":["GET"]}}],"collection":[{"href":"https:\/\/www.p2-ingenieure.de\/gut\/wp-json\/wp\/v2\/posts"}],"about":[{"href":"https:\/\/www.p2-ingenieure.de\/gut\/wp-json\/wp\/v2\/types\/post"}],"author":[{"embeddable":true,"href":"https:\/\/www.p2-ingenieure.de\/gut\/wp-json\/wp\/v2\/users\/1"}],"replies":[{"embeddable":true,"href":"https:\/\/www.p2-ingenieure.de\/gut\/wp-json\/wp\/v2\/comments?post=1531"}],"version-history":[{"count":0,"href":"https:\/\/www.p2-ingenieure.de\/gut\/wp-json\/wp\/v2\/posts\/1531\/revisions"}],"wp:featuredmedia":[{"embeddable":true,"href":"https:\/\/www.p2-ingenieure.de\/gut\/wp-json\/wp\/v2\/media\/1486"}],"wp:attachment":[{"href":"https:\/\/www.p2-ingenieure.de\/gut\/wp-json\/wp\/v2\/media?parent=1531"}],"wp:term":[{"taxonomy":"category","embeddable":true,"href":"https:\/\/www.p2-ingenieure.de\/gut\/wp-json\/wp\/v2\/categories?post=1531"},{"taxonomy":"post_tag","embeddable":true,"href":"https:\/\/www.p2-ingenieure.de\/gut\/wp-json\/wp\/v2\/tags?post=1531"},{"taxonomy":"post_series","embeddable":true,"href":"https:\/\/www.p2-ingenieure.de\/gut\/wp-json\/wp\/v2\/post_series?post=1531"}],"curies":[{"name":"wp","href":"https:\/\/api.w.org\/{rel}","templated":true}]}}