{"id":1545,"date":"2017-03-20T19:26:21","date_gmt":"2017-03-20T18:26:21","guid":{"rendered":"http:\/\/www.p2-ingenieure.de\/wordpress\/?p=1545"},"modified":"2017-03-20T19:26:21","modified_gmt":"2017-03-20T18:26:21","slug":"undichte-doppelkastenfenster","status":"publish","type":"post","link":"https:\/\/www.p2-ingenieure.de\/gut\/2017\/03\/20\/undichte-doppelkastenfenster\/","title":{"rendered":"Undichte (?) Doppelkastenfenster"},"content":{"rendered":"<p><em>Erschienen am 25.03.2017 im Tagesspiegel unter dem Titel &#8222;Die sind doch nicht ganz dicht!&#8220; in der Serie VIER IM RECHT<\/em><\/p>\n<h4>Was steht ins Haus?<\/h4>\n<p>Nach einigen Auseinandersetzungen mit unse25rem Vermieter muss er nun unsere Doppelkastenfenster \u00fcberarbeiten. Die ersten Arbeiten wurden im Herbst durchgef\u00fchrt. Der Tischler hat an den inneren Fl\u00fcgeln Dichtungen eingebaut und der Maler hat die Holzteile \u00fcberarbeitet. Seit den ersten kalten Tagen beschlagen nun schon wieder die Fenster, auf den Scheiben der \u00e4u\u00dferen Fl\u00fcgel kommt es regelm\u00e4\u00dfig zur Kondensatbildung, das Rahmenholz beginnt schon wieder aufzuquellen. Der Tischler meinte, die Innendichtungen w\u00fcrden gerade dies verhindern. Was mache ich denn nun?<\/p>\n<h4>Was steht im Gesetz?<\/h4>\n<p>Doppelkastenfenster sind bauphysikalisch ausgefeilte Bauelemente. Bei der Sanierung oder \u00dcberarbeitung m\u00fcssen diese Grundlagen beachtet werden. Die nachtr\u00e4glich eingesetzte Dichtung zeigt, dass in das bauzeitliche Zusammenspiel der beiden Fl\u00fcgel mit dem gro\u00dfen Scheibenzwischenraum eingegriffen wird. Die Fensterkonstruktion muss den Temperaturunterschied von au\u00dfen nach innen von bis zu 30K steuern. Es gilt auch hier das Grundprinzip \u201einnen dichter als au\u00dfen\u201c. Im Laufe der Jahre und Jahrzehnte werden diese Fenstertypen immer wieder \u00fcberarbeitet. Die bedeutet i.d.R. den Auftrag einer neuen Lackschicht. Durch immer mehr Farbe auf den Au\u00dfenfl\u00fcgeln werden Falze und Anschl\u00e4ge zwischen Fl\u00fcgel- und Blendrahmen immer dichter. Der Luftaustausch durch den \u00e4u\u00dferen Fl\u00fcgel in den Zwischenraum funktioniert nicht mehr. Wird nun der innere Fl\u00fcgel durch ein Schlauchprofil dichter gemacht, stimmt der o.a. bauphysikalische Grundsatz wieder. Dieses Reparaturspiel hat jedoch seine Grenzen. Oftmals will man auch die Fl\u00fcgel dichter haben, weil man meint, es zieht und die D\u00e4mmwirkung steigt, je dichter das Fenster ist. Die Konstruktionsart der Doppelkastenfenster erlauben dies jedoch nicht! Der U- Wert liegt bei nur ca. 2,5 W\/m\u00b2K, moderne Fenster d\u00e4mmen doppelt so gut. Eine fachgerechte Sanierung bedeutet daher i.d.R. die holzm\u00e4\u00dfige \u00dcberarbeitung der Falze, wobei gerade der Au\u00dfenfl\u00fcgel luftdurchg\u00e4ngig gemacht werden muss.<\/p>\n<h4>Und wie stehen Sie dazu?<\/h4>\n<p>Eine Verbesserung der D\u00e4mmwirkung von Kastendoppelfenstern durch Abdichten aller Fugen ist kontraproduktiv! Es sind alte Konstruktionen, mit denen muss man \u2013 und manch einer mag dies sogar \u2013 leben. Der innere Fl\u00fcgel darf dicht sein, eingefr\u00e4ste Schlauch- oder Lippendichtungen sind hier i.O. Testen Sie am Au\u00dfenfl\u00fcgel die Undichtigkeit: Ein Papierstreifen muss sich leicht durch den geschlossenen Rahmen hindurch ziehen lassen! Oftmals bem\u00e4ngelte Undichtigkeiten dieser Fenster sind zumeist kein Mangel. Wenn die \u00e4u\u00dfere Scheibe beschl\u00e4gt, \u00f6ffnen Sie den Fl\u00fcgel leicht und das Kondensat verschwindet. So undicht muss dieser Fl\u00fcgel sein! Ein Isolierfenster hat im Scheibenzwischenraum eine Gasf\u00fcllung, die das Kondensieren verhindert, diese Konstruktionsart l\u00e4sst sich beim Kastendoppelfenster nicht nachbauen.<\/p>\n","protected":false},"excerpt":{"rendered":"<p>Was ist das besondere an einem Doppelkastenfenster und wie dicht muss es eigentlich sein?<\/p>\n","protected":false},"author":1,"featured_media":1486,"comment_status":"closed","ping_status":"open","sticky":false,"template":"page-with-right-sidebar","format":"standard","meta":{"footnotes":""},"categories":[9],"tags":[47,6,48,49],"post_series":[],"class_list":["post-1545","post","type-post","status-publish","format-standard","has-post-thumbnail","hentry","category-tagesspiegel","tag-doppelkastenfenster","tag-fenster","tag-fenstersanierung","tag-kondensatbildung","entry","has-media"],"yoast_head":"<!-- This site is optimized with the Yoast SEO plugin v25.9 - https:\/\/yoast.com\/wordpress\/plugins\/seo\/ -->\n<title>Undichte (?) Doppelkastenfenster - P\u00b2 Ingenieure<\/title>\n<meta name=\"robots\" content=\"index, follow, max-snippet:-1, max-image-preview:large, max-video-preview:-1\" \/>\n<link rel=\"canonical\" href=\"https:\/\/www.p2-ingenieure.de\/gut\/2017\/03\/20\/undichte-doppelkastenfenster\/\" \/>\n<meta property=\"og:locale\" content=\"de_DE\" \/>\n<meta property=\"og:type\" content=\"article\" \/>\n<meta property=\"og:title\" content=\"Undichte (?) Doppelkastenfenster - P\u00b2 Ingenieure\" \/>\n<meta property=\"og:description\" content=\"Was ist das besondere an einem Doppelkastenfenster und wie dicht muss es eigentlich sein?\" \/>\n<meta property=\"og:url\" content=\"https:\/\/www.p2-ingenieure.de\/gut\/2017\/03\/20\/undichte-doppelkastenfenster\/\" \/>\n<meta property=\"og:site_name\" content=\"P\u00b2 Ingenieure\" \/>\n<meta property=\"article:published_time\" content=\"2017-03-20T18:26:21+00:00\" \/>\n<meta property=\"og:image\" content=\"https:\/\/www.p2-ingenieure.de\/gut\/wp-content\/uploads\/2018\/03\/TSP-bild945x350-1.jpg\" \/>\n\t<meta property=\"og:image:width\" content=\"945\" \/>\n\t<meta property=\"og:image:height\" content=\"350\" \/>\n\t<meta property=\"og:image:type\" content=\"image\/jpeg\" \/>\n<meta name=\"author\" content=\"Paul\" \/>\n<meta name=\"twitter:card\" content=\"summary_large_image\" \/>\n<meta name=\"twitter:label1\" content=\"Verfasst von\" \/>\n\t<meta name=\"twitter:data1\" content=\"Paul\" \/>\n\t<meta name=\"twitter:label2\" content=\"Gesch\u00e4tzte Lesezeit\" \/>\n\t<meta name=\"twitter:data2\" content=\"2\u00a0Minuten\" \/>\n<script type=\"application\/ld+json\" class=\"yoast-schema-graph\">{\"@context\":\"https:\/\/schema.org\",\"@graph\":[{\"@type\":\"Article\",\"@id\":\"https:\/\/www.p2-ingenieure.de\/gut\/2017\/03\/20\/undichte-doppelkastenfenster\/#article\",\"isPartOf\":{\"@id\":\"https:\/\/www.p2-ingenieure.de\/gut\/2017\/03\/20\/undichte-doppelkastenfenster\/\"},\"author\":{\"name\":\"Paul\",\"@id\":\"https:\/\/www.p2-ingenieure.de\/gut\/#\/schema\/person\/f97c631d0ec288ddc753f40a90d3809b\"},\"headline\":\"Undichte (?) Doppelkastenfenster\",\"datePublished\":\"2017-03-20T18:26:21+00:00\",\"mainEntityOfPage\":{\"@id\":\"https:\/\/www.p2-ingenieure.de\/gut\/2017\/03\/20\/undichte-doppelkastenfenster\/\"},\"wordCount\":456,\"publisher\":{\"@id\":\"https:\/\/www.p2-ingenieure.de\/gut\/#organization\"},\"image\":{\"@id\":\"https:\/\/www.p2-ingenieure.de\/gut\/2017\/03\/20\/undichte-doppelkastenfenster\/#primaryimage\"},\"thumbnailUrl\":\"https:\/\/www.p2-ingenieure.de\/gut\/wp-content\/uploads\/2018\/03\/TSP-bild945x350-1.jpg\",\"keywords\":[\"Doppelkastenfenster\",\"Fenster\",\"Fenstersanierung\",\"Kondensatbildung\"],\"articleSection\":[\"Tagesspiegel\"],\"inLanguage\":\"de\"},{\"@type\":\"WebPage\",\"@id\":\"https:\/\/www.p2-ingenieure.de\/gut\/2017\/03\/20\/undichte-doppelkastenfenster\/\",\"url\":\"https:\/\/www.p2-ingenieure.de\/gut\/2017\/03\/20\/undichte-doppelkastenfenster\/\",\"name\":\"Undichte (?) Doppelkastenfenster - P\u00b2 Ingenieure\",\"isPartOf\":{\"@id\":\"https:\/\/www.p2-ingenieure.de\/gut\/#website\"},\"primaryImageOfPage\":{\"@id\":\"https:\/\/www.p2-ingenieure.de\/gut\/2017\/03\/20\/undichte-doppelkastenfenster\/#primaryimage\"},\"image\":{\"@id\":\"https:\/\/www.p2-ingenieure.de\/gut\/2017\/03\/20\/undichte-doppelkastenfenster\/#primaryimage\"},\"thumbnailUrl\":\"https:\/\/www.p2-ingenieure.de\/gut\/wp-content\/uploads\/2018\/03\/TSP-bild945x350-1.jpg\",\"datePublished\":\"2017-03-20T18:26:21+00:00\",\"breadcrumb\":{\"@id\":\"https:\/\/www.p2-ingenieure.de\/gut\/2017\/03\/20\/undichte-doppelkastenfenster\/#breadcrumb\"},\"inLanguage\":\"de\",\"potentialAction\":[{\"@type\":\"ReadAction\",\"target\":[\"https:\/\/www.p2-ingenieure.de\/gut\/2017\/03\/20\/undichte-doppelkastenfenster\/\"]}]},{\"@type\":\"ImageObject\",\"inLanguage\":\"de\",\"@id\":\"https:\/\/www.p2-ingenieure.de\/gut\/2017\/03\/20\/undichte-doppelkastenfenster\/#primaryimage\",\"url\":\"https:\/\/www.p2-ingenieure.de\/gut\/wp-content\/uploads\/2018\/03\/TSP-bild945x350-1.jpg\",\"contentUrl\":\"https:\/\/www.p2-ingenieure.de\/gut\/wp-content\/uploads\/2018\/03\/TSP-bild945x350-1.jpg\",\"width\":945,\"height\":350,\"caption\":\"Tagesspiegel Icon\"},{\"@type\":\"BreadcrumbList\",\"@id\":\"https:\/\/www.p2-ingenieure.de\/gut\/2017\/03\/20\/undichte-doppelkastenfenster\/#breadcrumb\",\"itemListElement\":[{\"@type\":\"ListItem\",\"position\":1,\"name\":\"Startseite\",\"item\":\"https:\/\/www.p2-ingenieure.de\/gut\/\"},{\"@type\":\"ListItem\",\"position\":2,\"name\":\"Undichte (?) Doppelkastenfenster\"}]},{\"@type\":\"WebSite\",\"@id\":\"https:\/\/www.p2-ingenieure.de\/gut\/#website\",\"url\":\"https:\/\/www.p2-ingenieure.de\/gut\/\",\"name\":\"P\u00b2 Ingenieure\",\"description\":\"Ingenieurb\u00fcro Sabine und Manfred Puche\",\"publisher\":{\"@id\":\"https:\/\/www.p2-ingenieure.de\/gut\/#organization\"},\"potentialAction\":[{\"@type\":\"SearchAction\",\"target\":{\"@type\":\"EntryPoint\",\"urlTemplate\":\"https:\/\/www.p2-ingenieure.de\/gut\/?s={search_term_string}\"},\"query-input\":{\"@type\":\"PropertyValueSpecification\",\"valueRequired\":true,\"valueName\":\"search_term_string\"}}],\"inLanguage\":\"de\"},{\"@type\":\"Organization\",\"@id\":\"https:\/\/www.p2-ingenieure.de\/gut\/#organization\",\"name\":\"P\u00b2 Ingenieure\",\"url\":\"https:\/\/www.p2-ingenieure.de\/gut\/\",\"logo\":{\"@type\":\"ImageObject\",\"inLanguage\":\"de\",\"@id\":\"https:\/\/www.p2-ingenieure.de\/gut\/#\/schema\/logo\/image\/\",\"url\":\"https:\/\/www.p2-ingenieure.de\/gut\/wp-content\/uploads\/2025\/02\/cropped-logo200x200.png\",\"contentUrl\":\"https:\/\/www.p2-ingenieure.de\/gut\/wp-content\/uploads\/2025\/02\/cropped-logo200x200.png\",\"width\":512,\"height\":512,\"caption\":\"P\u00b2 Ingenieure\"},\"image\":{\"@id\":\"https:\/\/www.p2-ingenieure.de\/gut\/#\/schema\/logo\/image\/\"}},{\"@type\":\"Person\",\"@id\":\"https:\/\/www.p2-ingenieure.de\/gut\/#\/schema\/person\/f97c631d0ec288ddc753f40a90d3809b\",\"name\":\"Paul\",\"image\":{\"@type\":\"ImageObject\",\"inLanguage\":\"de\",\"@id\":\"https:\/\/www.p2-ingenieure.de\/gut\/#\/schema\/person\/image\/\",\"url\":\"https:\/\/secure.gravatar.com\/avatar\/2d82a344fc8c5bf8fe56df9cbca897eddd43ae86d04b0228884f9aa72ea5d153?s=96&d=mm&r=g\",\"contentUrl\":\"https:\/\/secure.gravatar.com\/avatar\/2d82a344fc8c5bf8fe56df9cbca897eddd43ae86d04b0228884f9aa72ea5d153?s=96&d=mm&r=g\",\"caption\":\"Paul\"},\"sameAs\":[\"https:\/\/www.p2-ingenieure.de\/gut\"],\"url\":\"https:\/\/www.p2-ingenieure.de\/gut\/author\/paul\/\"}]}<\/script>\n<!-- \/ Yoast SEO plugin. -->","yoast_head_json":{"title":"Undichte (?) Doppelkastenfenster - P\u00b2 Ingenieure","robots":{"index":"index","follow":"follow","max-snippet":"max-snippet:-1","max-image-preview":"max-image-preview:large","max-video-preview":"max-video-preview:-1"},"canonical":"https:\/\/www.p2-ingenieure.de\/gut\/2017\/03\/20\/undichte-doppelkastenfenster\/","og_locale":"de_DE","og_type":"article","og_title":"Undichte (?) Doppelkastenfenster - P\u00b2 Ingenieure","og_description":"Was ist das besondere an einem Doppelkastenfenster und wie dicht muss es eigentlich sein?","og_url":"https:\/\/www.p2-ingenieure.de\/gut\/2017\/03\/20\/undichte-doppelkastenfenster\/","og_site_name":"P\u00b2 Ingenieure","article_published_time":"2017-03-20T18:26:21+00:00","og_image":[{"width":945,"height":350,"url":"https:\/\/www.p2-ingenieure.de\/gut\/wp-content\/uploads\/2018\/03\/TSP-bild945x350-1.jpg","type":"image\/jpeg"}],"author":"Paul","twitter_card":"summary_large_image","twitter_misc":{"Verfasst von":"Paul","Gesch\u00e4tzte Lesezeit":"2\u00a0Minuten"},"schema":{"@context":"https:\/\/schema.org","@graph":[{"@type":"Article","@id":"https:\/\/www.p2-ingenieure.de\/gut\/2017\/03\/20\/undichte-doppelkastenfenster\/#article","isPartOf":{"@id":"https:\/\/www.p2-ingenieure.de\/gut\/2017\/03\/20\/undichte-doppelkastenfenster\/"},"author":{"name":"Paul","@id":"https:\/\/www.p2-ingenieure.de\/gut\/#\/schema\/person\/f97c631d0ec288ddc753f40a90d3809b"},"headline":"Undichte (?) Doppelkastenfenster","datePublished":"2017-03-20T18:26:21+00:00","mainEntityOfPage":{"@id":"https:\/\/www.p2-ingenieure.de\/gut\/2017\/03\/20\/undichte-doppelkastenfenster\/"},"wordCount":456,"publisher":{"@id":"https:\/\/www.p2-ingenieure.de\/gut\/#organization"},"image":{"@id":"https:\/\/www.p2-ingenieure.de\/gut\/2017\/03\/20\/undichte-doppelkastenfenster\/#primaryimage"},"thumbnailUrl":"https:\/\/www.p2-ingenieure.de\/gut\/wp-content\/uploads\/2018\/03\/TSP-bild945x350-1.jpg","keywords":["Doppelkastenfenster","Fenster","Fenstersanierung","Kondensatbildung"],"articleSection":["Tagesspiegel"],"inLanguage":"de"},{"@type":"WebPage","@id":"https:\/\/www.p2-ingenieure.de\/gut\/2017\/03\/20\/undichte-doppelkastenfenster\/","url":"https:\/\/www.p2-ingenieure.de\/gut\/2017\/03\/20\/undichte-doppelkastenfenster\/","name":"Undichte (?) Doppelkastenfenster - P\u00b2 Ingenieure","isPartOf":{"@id":"https:\/\/www.p2-ingenieure.de\/gut\/#website"},"primaryImageOfPage":{"@id":"https:\/\/www.p2-ingenieure.de\/gut\/2017\/03\/20\/undichte-doppelkastenfenster\/#primaryimage"},"image":{"@id":"https:\/\/www.p2-ingenieure.de\/gut\/2017\/03\/20\/undichte-doppelkastenfenster\/#primaryimage"},"thumbnailUrl":"https:\/\/www.p2-ingenieure.de\/gut\/wp-content\/uploads\/2018\/03\/TSP-bild945x350-1.jpg","datePublished":"2017-03-20T18:26:21+00:00","breadcrumb":{"@id":"https:\/\/www.p2-ingenieure.de\/gut\/2017\/03\/20\/undichte-doppelkastenfenster\/#breadcrumb"},"inLanguage":"de","potentialAction":[{"@type":"ReadAction","target":["https:\/\/www.p2-ingenieure.de\/gut\/2017\/03\/20\/undichte-doppelkastenfenster\/"]}]},{"@type":"ImageObject","inLanguage":"de","@id":"https:\/\/www.p2-ingenieure.de\/gut\/2017\/03\/20\/undichte-doppelkastenfenster\/#primaryimage","url":"https:\/\/www.p2-ingenieure.de\/gut\/wp-content\/uploads\/2018\/03\/TSP-bild945x350-1.jpg","contentUrl":"https:\/\/www.p2-ingenieure.de\/gut\/wp-content\/uploads\/2018\/03\/TSP-bild945x350-1.jpg","width":945,"height":350,"caption":"Tagesspiegel Icon"},{"@type":"BreadcrumbList","@id":"https:\/\/www.p2-ingenieure.de\/gut\/2017\/03\/20\/undichte-doppelkastenfenster\/#breadcrumb","itemListElement":[{"@type":"ListItem","position":1,"name":"Startseite","item":"https:\/\/www.p2-ingenieure.de\/gut\/"},{"@type":"ListItem","position":2,"name":"Undichte (?) Doppelkastenfenster"}]},{"@type":"WebSite","@id":"https:\/\/www.p2-ingenieure.de\/gut\/#website","url":"https:\/\/www.p2-ingenieure.de\/gut\/","name":"P\u00b2 Ingenieure","description":"Ingenieurb\u00fcro Sabine und Manfred Puche","publisher":{"@id":"https:\/\/www.p2-ingenieure.de\/gut\/#organization"},"potentialAction":[{"@type":"SearchAction","target":{"@type":"EntryPoint","urlTemplate":"https:\/\/www.p2-ingenieure.de\/gut\/?s={search_term_string}"},"query-input":{"@type":"PropertyValueSpecification","valueRequired":true,"valueName":"search_term_string"}}],"inLanguage":"de"},{"@type":"Organization","@id":"https:\/\/www.p2-ingenieure.de\/gut\/#organization","name":"P\u00b2 Ingenieure","url":"https:\/\/www.p2-ingenieure.de\/gut\/","logo":{"@type":"ImageObject","inLanguage":"de","@id":"https:\/\/www.p2-ingenieure.de\/gut\/#\/schema\/logo\/image\/","url":"https:\/\/www.p2-ingenieure.de\/gut\/wp-content\/uploads\/2025\/02\/cropped-logo200x200.png","contentUrl":"https:\/\/www.p2-ingenieure.de\/gut\/wp-content\/uploads\/2025\/02\/cropped-logo200x200.png","width":512,"height":512,"caption":"P\u00b2 Ingenieure"},"image":{"@id":"https:\/\/www.p2-ingenieure.de\/gut\/#\/schema\/logo\/image\/"}},{"@type":"Person","@id":"https:\/\/www.p2-ingenieure.de\/gut\/#\/schema\/person\/f97c631d0ec288ddc753f40a90d3809b","name":"Paul","image":{"@type":"ImageObject","inLanguage":"de","@id":"https:\/\/www.p2-ingenieure.de\/gut\/#\/schema\/person\/image\/","url":"https:\/\/secure.gravatar.com\/avatar\/2d82a344fc8c5bf8fe56df9cbca897eddd43ae86d04b0228884f9aa72ea5d153?s=96&d=mm&r=g","contentUrl":"https:\/\/secure.gravatar.com\/avatar\/2d82a344fc8c5bf8fe56df9cbca897eddd43ae86d04b0228884f9aa72ea5d153?s=96&d=mm&r=g","caption":"Paul"},"sameAs":["https:\/\/www.p2-ingenieure.de\/gut"],"url":"https:\/\/www.p2-ingenieure.de\/gut\/author\/paul\/"}]}},"_links":{"self":[{"href":"https:\/\/www.p2-ingenieure.de\/gut\/wp-json\/wp\/v2\/posts\/1545","targetHints":{"allow":["GET"]}}],"collection":[{"href":"https:\/\/www.p2-ingenieure.de\/gut\/wp-json\/wp\/v2\/posts"}],"about":[{"href":"https:\/\/www.p2-ingenieure.de\/gut\/wp-json\/wp\/v2\/types\/post"}],"author":[{"embeddable":true,"href":"https:\/\/www.p2-ingenieure.de\/gut\/wp-json\/wp\/v2\/users\/1"}],"replies":[{"embeddable":true,"href":"https:\/\/www.p2-ingenieure.de\/gut\/wp-json\/wp\/v2\/comments?post=1545"}],"version-history":[{"count":0,"href":"https:\/\/www.p2-ingenieure.de\/gut\/wp-json\/wp\/v2\/posts\/1545\/revisions"}],"wp:featuredmedia":[{"embeddable":true,"href":"https:\/\/www.p2-ingenieure.de\/gut\/wp-json\/wp\/v2\/media\/1486"}],"wp:attachment":[{"href":"https:\/\/www.p2-ingenieure.de\/gut\/wp-json\/wp\/v2\/media?parent=1545"}],"wp:term":[{"taxonomy":"category","embeddable":true,"href":"https:\/\/www.p2-ingenieure.de\/gut\/wp-json\/wp\/v2\/categories?post=1545"},{"taxonomy":"post_tag","embeddable":true,"href":"https:\/\/www.p2-ingenieure.de\/gut\/wp-json\/wp\/v2\/tags?post=1545"},{"taxonomy":"post_series","embeddable":true,"href":"https:\/\/www.p2-ingenieure.de\/gut\/wp-json\/wp\/v2\/post_series?post=1545"}],"curies":[{"name":"wp","href":"https:\/\/api.w.org\/{rel}","templated":true}]}}