{"id":1547,"date":"2017-02-25T19:31:52","date_gmt":"2017-02-25T18:31:52","guid":{"rendered":"http:\/\/www.p2-ingenieure.de\/wordpress\/?p=1547"},"modified":"2017-02-25T19:31:52","modified_gmt":"2017-02-25T18:31:52","slug":"ueberall-heizen-und-lueften","status":"publish","type":"post","link":"https:\/\/www.p2-ingenieure.de\/gut\/2017\/02\/25\/ueberall-heizen-und-lueften\/","title":{"rendered":"\u00dcberall Heizen und L\u00fcften?"},"content":{"rendered":"<p><em>Erschienen am 25.02.2017 im Tagesspiegel in der Serie VIER IM RECHT<\/em><\/p>\n<h4>Was steht ins Haus?<\/h4>\n<p>Unser Mieter wendet sich an uns und klagt \u00fcber Schimmelablagerungen an den Fensterleibungen und Kondenswasser an den Fensterscheiben. Die Dichtungsgummis sind bereits so verschmutzt, dass sie nicht mehr zu reinigen sind. Besonders im Schlafzimmer l\u00e4uft jeden Morgen das Wasser von den Scheiben herab. In den letzten Wintern haben wir keine solche Klagen bekommen, vielleicht liegt es an den neuen Mietern? Das Haus aus den 1990er Jahren mit Fu\u00dfbodenheizung ist doch damals modern errichtet worden. Was k\u00f6nnen wir tun? Ist der Mieter schuld oder fehlt D\u00e4mmung?<\/p>\n<h4>Was steht im Gesetz?<\/h4>\n<p>Kaum wird es k\u00e4lter, l\u00e4uft das Wasser an den Scheiben herab. Auch bei modernen Geb\u00e4uden ist die D\u00e4mmung der Fenster ca. 5 mal schlechter, als die der W\u00e4nde. Eine Fu\u00dfbodenheizung mit geringen Oberfl\u00e4chentemperaturen f\u00fchrt zwar zum Sparen von Prim\u00e4renergie, hat aber den Nachteil, dass es nur noch geringe Warmluftbewegung im Raum gibt. Es fehlen die Heizk\u00f6rper unter den (relativ) kalten Fenstern, die dort die W\u00e4rme entlang streichen lassen. Vor bodentiefen Fenstern herab h\u00e4ngende Vorh\u00e4nge verst\u00e4rken das Problem noch. So stellt es heute keinen Mangel dar, wenn an den unteren Sprossen der Fenstern sich etwas Kondensat absetzt, da die vorbei streichende W\u00e4rme erreicht dort nicht die Fensterscheibe erreicht. F\u00fcr die nicht den ganze Tag genutzten R\u00e4ume gilt: Auch hier muss geheizt werden, die W\u00e4nde k\u00fchlen sonst aus und die warme, mehr Feuchtigkeit tragende Luft aus der Wohnung schl\u00e4gt sich an den Ecken und am Fenstersturz nieder und f\u00fchrt zur Schimmelbildung. Zun\u00e4chst beschlagen die Fensterscheiben, die die geringste D\u00e4mmung heben, dies ist also der Indikator, dass mal wieder gel\u00fcftet werden muss. Es ist zu bedenken, dass bei den H\u00e4usern mit einer au\u00dfen liegenden D\u00e4mmung die Mauerwerkswand selbst bauphysikalisch zum Innenraum geh\u00f6rt: sie muss durchgew\u00e4rmt werden, sonst wird es nie behaglich in den R\u00e4umen. Daher darf die Heizung auch tags\u00fcber nicht abgestellt, allenfalls nur etwas herunter gedreht werden.<\/p>\n<h4>Und wie stehen Sie dazu?<\/h4>\n<p>Ihr Mieter muss gerade bei der tr\u00e4gen Fu\u00dfbodenheizung alle R\u00e4ume durchgehend heizen. Wasser an den Scheiben ist ein Indiz f\u00fcr zu kalt oder zu feucht. Leichtes Kondensat ist bei gro\u00dfer K\u00e4lte tats\u00e4chlich unvermeidbar, stellt oftmals aber keinen Mangel dar und muss weggewischt werden. Bei dem vorliegenden Baujahr fehlt sicher eine nutzerunabh\u00e4ngige Grundl\u00fcftung in der Wohnung. Es ist zu \u00fcberlegen, ob bei einem innen liegenden Bad der L\u00fcfter entsprechend umgebaut werden kann. D\u00e4mmtechnisch besteht kein Grund zur Nachbesserung. Machen Sie Ihrem Mieter klar, dass ein tags\u00fcber unbeheiztes Schlafzimmer zu Problemen f\u00fchrt, lassen Sie ihn Luftfeuchtigkeit und Raumtemperatur \u00fcberpr\u00fcfen und notieren: f\u00fcr 20\u00baC und 50% relative Luftfeuchtigkeit sind die Geb\u00e4ude konzipiert \u2013 und dann auch mangelfrei zu bewohnen.<\/p>\n","protected":false},"excerpt":{"rendered":"<p>Unser Mieter klagt \u00fcber Schimmelablagerungen an den Fensterleibungen und Kondenswasser an den Fensterscheiben. Besonders im Schlafzimmer l\u00e4uft jeden Morgen das Wasser von den Scheiben herab. In den letzten Wintern haben wir keine solche Klagen bekommen, vielleicht liegt es an den neuen Mietern?<\/p>\n","protected":false},"author":1,"featured_media":1486,"comment_status":"closed","ping_status":"open","sticky":false,"template":"page-with-right-sidebar","format":"standard","meta":{"footnotes":""},"categories":[9],"tags":[47,6,48,49],"post_series":[],"class_list":["post-1547","post","type-post","status-publish","format-standard","has-post-thumbnail","hentry","category-tagesspiegel","tag-doppelkastenfenster","tag-fenster","tag-fenstersanierung","tag-kondensatbildung","entry","has-media"],"yoast_head":"<!-- This site is optimized with the Yoast SEO plugin v25.9 - https:\/\/yoast.com\/wordpress\/plugins\/seo\/ -->\n<title>\u00dcberall Heizen und L\u00fcften? - P\u00b2 Ingenieure<\/title>\n<meta name=\"robots\" content=\"index, follow, max-snippet:-1, max-image-preview:large, max-video-preview:-1\" \/>\n<link rel=\"canonical\" href=\"https:\/\/www.p2-ingenieure.de\/gut\/2017\/02\/25\/ueberall-heizen-und-lueften\/\" \/>\n<meta property=\"og:locale\" content=\"de_DE\" \/>\n<meta property=\"og:type\" content=\"article\" \/>\n<meta property=\"og:title\" content=\"\u00dcberall Heizen und L\u00fcften? - P\u00b2 Ingenieure\" \/>\n<meta property=\"og:description\" content=\"Unser Mieter klagt \u00fcber Schimmelablagerungen an den Fensterleibungen und Kondenswasser an den Fensterscheiben. Besonders im Schlafzimmer l\u00e4uft jeden Morgen das Wasser von den Scheiben herab. In den letzten Wintern haben wir keine solche Klagen bekommen, vielleicht liegt es an den neuen Mietern?\" \/>\n<meta property=\"og:url\" content=\"https:\/\/www.p2-ingenieure.de\/gut\/2017\/02\/25\/ueberall-heizen-und-lueften\/\" \/>\n<meta property=\"og:site_name\" content=\"P\u00b2 Ingenieure\" \/>\n<meta property=\"article:published_time\" content=\"2017-02-25T18:31:52+00:00\" \/>\n<meta property=\"og:image\" content=\"https:\/\/www.p2-ingenieure.de\/gut\/wp-content\/uploads\/2018\/03\/TSP-bild945x350-1.jpg\" \/>\n\t<meta property=\"og:image:width\" content=\"945\" \/>\n\t<meta property=\"og:image:height\" content=\"350\" \/>\n\t<meta property=\"og:image:type\" content=\"image\/jpeg\" \/>\n<meta name=\"author\" content=\"Paul\" \/>\n<meta name=\"twitter:card\" content=\"summary_large_image\" \/>\n<meta name=\"twitter:label1\" content=\"Verfasst von\" \/>\n\t<meta name=\"twitter:data1\" content=\"Paul\" \/>\n\t<meta name=\"twitter:label2\" content=\"Gesch\u00e4tzte Lesezeit\" \/>\n\t<meta name=\"twitter:data2\" content=\"2\u00a0Minuten\" \/>\n<script type=\"application\/ld+json\" class=\"yoast-schema-graph\">{\"@context\":\"https:\/\/schema.org\",\"@graph\":[{\"@type\":\"Article\",\"@id\":\"https:\/\/www.p2-ingenieure.de\/gut\/2017\/02\/25\/ueberall-heizen-und-lueften\/#article\",\"isPartOf\":{\"@id\":\"https:\/\/www.p2-ingenieure.de\/gut\/2017\/02\/25\/ueberall-heizen-und-lueften\/\"},\"author\":{\"name\":\"Paul\",\"@id\":\"https:\/\/www.p2-ingenieure.de\/gut\/#\/schema\/person\/f97c631d0ec288ddc753f40a90d3809b\"},\"headline\":\"\u00dcberall Heizen und L\u00fcften?\",\"datePublished\":\"2017-02-25T18:31:52+00:00\",\"mainEntityOfPage\":{\"@id\":\"https:\/\/www.p2-ingenieure.de\/gut\/2017\/02\/25\/ueberall-heizen-und-lueften\/\"},\"wordCount\":492,\"publisher\":{\"@id\":\"https:\/\/www.p2-ingenieure.de\/gut\/#organization\"},\"image\":{\"@id\":\"https:\/\/www.p2-ingenieure.de\/gut\/2017\/02\/25\/ueberall-heizen-und-lueften\/#primaryimage\"},\"thumbnailUrl\":\"https:\/\/www.p2-ingenieure.de\/gut\/wp-content\/uploads\/2018\/03\/TSP-bild945x350-1.jpg\",\"keywords\":[\"Doppelkastenfenster\",\"Fenster\",\"Fenstersanierung\",\"Kondensatbildung\"],\"articleSection\":[\"Tagesspiegel\"],\"inLanguage\":\"de\"},{\"@type\":\"WebPage\",\"@id\":\"https:\/\/www.p2-ingenieure.de\/gut\/2017\/02\/25\/ueberall-heizen-und-lueften\/\",\"url\":\"https:\/\/www.p2-ingenieure.de\/gut\/2017\/02\/25\/ueberall-heizen-und-lueften\/\",\"name\":\"\u00dcberall Heizen und L\u00fcften? - P\u00b2 Ingenieure\",\"isPartOf\":{\"@id\":\"https:\/\/www.p2-ingenieure.de\/gut\/#website\"},\"primaryImageOfPage\":{\"@id\":\"https:\/\/www.p2-ingenieure.de\/gut\/2017\/02\/25\/ueberall-heizen-und-lueften\/#primaryimage\"},\"image\":{\"@id\":\"https:\/\/www.p2-ingenieure.de\/gut\/2017\/02\/25\/ueberall-heizen-und-lueften\/#primaryimage\"},\"thumbnailUrl\":\"https:\/\/www.p2-ingenieure.de\/gut\/wp-content\/uploads\/2018\/03\/TSP-bild945x350-1.jpg\",\"datePublished\":\"2017-02-25T18:31:52+00:00\",\"breadcrumb\":{\"@id\":\"https:\/\/www.p2-ingenieure.de\/gut\/2017\/02\/25\/ueberall-heizen-und-lueften\/#breadcrumb\"},\"inLanguage\":\"de\",\"potentialAction\":[{\"@type\":\"ReadAction\",\"target\":[\"https:\/\/www.p2-ingenieure.de\/gut\/2017\/02\/25\/ueberall-heizen-und-lueften\/\"]}]},{\"@type\":\"ImageObject\",\"inLanguage\":\"de\",\"@id\":\"https:\/\/www.p2-ingenieure.de\/gut\/2017\/02\/25\/ueberall-heizen-und-lueften\/#primaryimage\",\"url\":\"https:\/\/www.p2-ingenieure.de\/gut\/wp-content\/uploads\/2018\/03\/TSP-bild945x350-1.jpg\",\"contentUrl\":\"https:\/\/www.p2-ingenieure.de\/gut\/wp-content\/uploads\/2018\/03\/TSP-bild945x350-1.jpg\",\"width\":945,\"height\":350,\"caption\":\"Tagesspiegel Icon\"},{\"@type\":\"BreadcrumbList\",\"@id\":\"https:\/\/www.p2-ingenieure.de\/gut\/2017\/02\/25\/ueberall-heizen-und-lueften\/#breadcrumb\",\"itemListElement\":[{\"@type\":\"ListItem\",\"position\":1,\"name\":\"Startseite\",\"item\":\"https:\/\/www.p2-ingenieure.de\/gut\/\"},{\"@type\":\"ListItem\",\"position\":2,\"name\":\"\u00dcberall Heizen und L\u00fcften?\"}]},{\"@type\":\"WebSite\",\"@id\":\"https:\/\/www.p2-ingenieure.de\/gut\/#website\",\"url\":\"https:\/\/www.p2-ingenieure.de\/gut\/\",\"name\":\"P\u00b2 Ingenieure\",\"description\":\"Ingenieurb\u00fcro Sabine und Manfred Puche\",\"publisher\":{\"@id\":\"https:\/\/www.p2-ingenieure.de\/gut\/#organization\"},\"potentialAction\":[{\"@type\":\"SearchAction\",\"target\":{\"@type\":\"EntryPoint\",\"urlTemplate\":\"https:\/\/www.p2-ingenieure.de\/gut\/?s={search_term_string}\"},\"query-input\":{\"@type\":\"PropertyValueSpecification\",\"valueRequired\":true,\"valueName\":\"search_term_string\"}}],\"inLanguage\":\"de\"},{\"@type\":\"Organization\",\"@id\":\"https:\/\/www.p2-ingenieure.de\/gut\/#organization\",\"name\":\"P\u00b2 Ingenieure\",\"url\":\"https:\/\/www.p2-ingenieure.de\/gut\/\",\"logo\":{\"@type\":\"ImageObject\",\"inLanguage\":\"de\",\"@id\":\"https:\/\/www.p2-ingenieure.de\/gut\/#\/schema\/logo\/image\/\",\"url\":\"https:\/\/www.p2-ingenieure.de\/gut\/wp-content\/uploads\/2025\/02\/cropped-logo200x200.png\",\"contentUrl\":\"https:\/\/www.p2-ingenieure.de\/gut\/wp-content\/uploads\/2025\/02\/cropped-logo200x200.png\",\"width\":512,\"height\":512,\"caption\":\"P\u00b2 Ingenieure\"},\"image\":{\"@id\":\"https:\/\/www.p2-ingenieure.de\/gut\/#\/schema\/logo\/image\/\"}},{\"@type\":\"Person\",\"@id\":\"https:\/\/www.p2-ingenieure.de\/gut\/#\/schema\/person\/f97c631d0ec288ddc753f40a90d3809b\",\"name\":\"Paul\",\"image\":{\"@type\":\"ImageObject\",\"inLanguage\":\"de\",\"@id\":\"https:\/\/www.p2-ingenieure.de\/gut\/#\/schema\/person\/image\/\",\"url\":\"https:\/\/secure.gravatar.com\/avatar\/2d82a344fc8c5bf8fe56df9cbca897eddd43ae86d04b0228884f9aa72ea5d153?s=96&d=mm&r=g\",\"contentUrl\":\"https:\/\/secure.gravatar.com\/avatar\/2d82a344fc8c5bf8fe56df9cbca897eddd43ae86d04b0228884f9aa72ea5d153?s=96&d=mm&r=g\",\"caption\":\"Paul\"},\"sameAs\":[\"https:\/\/www.p2-ingenieure.de\/gut\"],\"url\":\"https:\/\/www.p2-ingenieure.de\/gut\/author\/paul\/\"}]}<\/script>\n<!-- \/ Yoast SEO plugin. -->","yoast_head_json":{"title":"\u00dcberall Heizen und L\u00fcften? - P\u00b2 Ingenieure","robots":{"index":"index","follow":"follow","max-snippet":"max-snippet:-1","max-image-preview":"max-image-preview:large","max-video-preview":"max-video-preview:-1"},"canonical":"https:\/\/www.p2-ingenieure.de\/gut\/2017\/02\/25\/ueberall-heizen-und-lueften\/","og_locale":"de_DE","og_type":"article","og_title":"\u00dcberall Heizen und L\u00fcften? - P\u00b2 Ingenieure","og_description":"Unser Mieter klagt \u00fcber Schimmelablagerungen an den Fensterleibungen und Kondenswasser an den Fensterscheiben. Besonders im Schlafzimmer l\u00e4uft jeden Morgen das Wasser von den Scheiben herab. In den letzten Wintern haben wir keine solche Klagen bekommen, vielleicht liegt es an den neuen Mietern?","og_url":"https:\/\/www.p2-ingenieure.de\/gut\/2017\/02\/25\/ueberall-heizen-und-lueften\/","og_site_name":"P\u00b2 Ingenieure","article_published_time":"2017-02-25T18:31:52+00:00","og_image":[{"width":945,"height":350,"url":"https:\/\/www.p2-ingenieure.de\/gut\/wp-content\/uploads\/2018\/03\/TSP-bild945x350-1.jpg","type":"image\/jpeg"}],"author":"Paul","twitter_card":"summary_large_image","twitter_misc":{"Verfasst von":"Paul","Gesch\u00e4tzte Lesezeit":"2\u00a0Minuten"},"schema":{"@context":"https:\/\/schema.org","@graph":[{"@type":"Article","@id":"https:\/\/www.p2-ingenieure.de\/gut\/2017\/02\/25\/ueberall-heizen-und-lueften\/#article","isPartOf":{"@id":"https:\/\/www.p2-ingenieure.de\/gut\/2017\/02\/25\/ueberall-heizen-und-lueften\/"},"author":{"name":"Paul","@id":"https:\/\/www.p2-ingenieure.de\/gut\/#\/schema\/person\/f97c631d0ec288ddc753f40a90d3809b"},"headline":"\u00dcberall Heizen und L\u00fcften?","datePublished":"2017-02-25T18:31:52+00:00","mainEntityOfPage":{"@id":"https:\/\/www.p2-ingenieure.de\/gut\/2017\/02\/25\/ueberall-heizen-und-lueften\/"},"wordCount":492,"publisher":{"@id":"https:\/\/www.p2-ingenieure.de\/gut\/#organization"},"image":{"@id":"https:\/\/www.p2-ingenieure.de\/gut\/2017\/02\/25\/ueberall-heizen-und-lueften\/#primaryimage"},"thumbnailUrl":"https:\/\/www.p2-ingenieure.de\/gut\/wp-content\/uploads\/2018\/03\/TSP-bild945x350-1.jpg","keywords":["Doppelkastenfenster","Fenster","Fenstersanierung","Kondensatbildung"],"articleSection":["Tagesspiegel"],"inLanguage":"de"},{"@type":"WebPage","@id":"https:\/\/www.p2-ingenieure.de\/gut\/2017\/02\/25\/ueberall-heizen-und-lueften\/","url":"https:\/\/www.p2-ingenieure.de\/gut\/2017\/02\/25\/ueberall-heizen-und-lueften\/","name":"\u00dcberall Heizen und L\u00fcften? - P\u00b2 Ingenieure","isPartOf":{"@id":"https:\/\/www.p2-ingenieure.de\/gut\/#website"},"primaryImageOfPage":{"@id":"https:\/\/www.p2-ingenieure.de\/gut\/2017\/02\/25\/ueberall-heizen-und-lueften\/#primaryimage"},"image":{"@id":"https:\/\/www.p2-ingenieure.de\/gut\/2017\/02\/25\/ueberall-heizen-und-lueften\/#primaryimage"},"thumbnailUrl":"https:\/\/www.p2-ingenieure.de\/gut\/wp-content\/uploads\/2018\/03\/TSP-bild945x350-1.jpg","datePublished":"2017-02-25T18:31:52+00:00","breadcrumb":{"@id":"https:\/\/www.p2-ingenieure.de\/gut\/2017\/02\/25\/ueberall-heizen-und-lueften\/#breadcrumb"},"inLanguage":"de","potentialAction":[{"@type":"ReadAction","target":["https:\/\/www.p2-ingenieure.de\/gut\/2017\/02\/25\/ueberall-heizen-und-lueften\/"]}]},{"@type":"ImageObject","inLanguage":"de","@id":"https:\/\/www.p2-ingenieure.de\/gut\/2017\/02\/25\/ueberall-heizen-und-lueften\/#primaryimage","url":"https:\/\/www.p2-ingenieure.de\/gut\/wp-content\/uploads\/2018\/03\/TSP-bild945x350-1.jpg","contentUrl":"https:\/\/www.p2-ingenieure.de\/gut\/wp-content\/uploads\/2018\/03\/TSP-bild945x350-1.jpg","width":945,"height":350,"caption":"Tagesspiegel Icon"},{"@type":"BreadcrumbList","@id":"https:\/\/www.p2-ingenieure.de\/gut\/2017\/02\/25\/ueberall-heizen-und-lueften\/#breadcrumb","itemListElement":[{"@type":"ListItem","position":1,"name":"Startseite","item":"https:\/\/www.p2-ingenieure.de\/gut\/"},{"@type":"ListItem","position":2,"name":"\u00dcberall Heizen und L\u00fcften?"}]},{"@type":"WebSite","@id":"https:\/\/www.p2-ingenieure.de\/gut\/#website","url":"https:\/\/www.p2-ingenieure.de\/gut\/","name":"P\u00b2 Ingenieure","description":"Ingenieurb\u00fcro Sabine und Manfred Puche","publisher":{"@id":"https:\/\/www.p2-ingenieure.de\/gut\/#organization"},"potentialAction":[{"@type":"SearchAction","target":{"@type":"EntryPoint","urlTemplate":"https:\/\/www.p2-ingenieure.de\/gut\/?s={search_term_string}"},"query-input":{"@type":"PropertyValueSpecification","valueRequired":true,"valueName":"search_term_string"}}],"inLanguage":"de"},{"@type":"Organization","@id":"https:\/\/www.p2-ingenieure.de\/gut\/#organization","name":"P\u00b2 Ingenieure","url":"https:\/\/www.p2-ingenieure.de\/gut\/","logo":{"@type":"ImageObject","inLanguage":"de","@id":"https:\/\/www.p2-ingenieure.de\/gut\/#\/schema\/logo\/image\/","url":"https:\/\/www.p2-ingenieure.de\/gut\/wp-content\/uploads\/2025\/02\/cropped-logo200x200.png","contentUrl":"https:\/\/www.p2-ingenieure.de\/gut\/wp-content\/uploads\/2025\/02\/cropped-logo200x200.png","width":512,"height":512,"caption":"P\u00b2 Ingenieure"},"image":{"@id":"https:\/\/www.p2-ingenieure.de\/gut\/#\/schema\/logo\/image\/"}},{"@type":"Person","@id":"https:\/\/www.p2-ingenieure.de\/gut\/#\/schema\/person\/f97c631d0ec288ddc753f40a90d3809b","name":"Paul","image":{"@type":"ImageObject","inLanguage":"de","@id":"https:\/\/www.p2-ingenieure.de\/gut\/#\/schema\/person\/image\/","url":"https:\/\/secure.gravatar.com\/avatar\/2d82a344fc8c5bf8fe56df9cbca897eddd43ae86d04b0228884f9aa72ea5d153?s=96&d=mm&r=g","contentUrl":"https:\/\/secure.gravatar.com\/avatar\/2d82a344fc8c5bf8fe56df9cbca897eddd43ae86d04b0228884f9aa72ea5d153?s=96&d=mm&r=g","caption":"Paul"},"sameAs":["https:\/\/www.p2-ingenieure.de\/gut"],"url":"https:\/\/www.p2-ingenieure.de\/gut\/author\/paul\/"}]}},"_links":{"self":[{"href":"https:\/\/www.p2-ingenieure.de\/gut\/wp-json\/wp\/v2\/posts\/1547","targetHints":{"allow":["GET"]}}],"collection":[{"href":"https:\/\/www.p2-ingenieure.de\/gut\/wp-json\/wp\/v2\/posts"}],"about":[{"href":"https:\/\/www.p2-ingenieure.de\/gut\/wp-json\/wp\/v2\/types\/post"}],"author":[{"embeddable":true,"href":"https:\/\/www.p2-ingenieure.de\/gut\/wp-json\/wp\/v2\/users\/1"}],"replies":[{"embeddable":true,"href":"https:\/\/www.p2-ingenieure.de\/gut\/wp-json\/wp\/v2\/comments?post=1547"}],"version-history":[{"count":0,"href":"https:\/\/www.p2-ingenieure.de\/gut\/wp-json\/wp\/v2\/posts\/1547\/revisions"}],"wp:featuredmedia":[{"embeddable":true,"href":"https:\/\/www.p2-ingenieure.de\/gut\/wp-json\/wp\/v2\/media\/1486"}],"wp:attachment":[{"href":"https:\/\/www.p2-ingenieure.de\/gut\/wp-json\/wp\/v2\/media?parent=1547"}],"wp:term":[{"taxonomy":"category","embeddable":true,"href":"https:\/\/www.p2-ingenieure.de\/gut\/wp-json\/wp\/v2\/categories?post=1547"},{"taxonomy":"post_tag","embeddable":true,"href":"https:\/\/www.p2-ingenieure.de\/gut\/wp-json\/wp\/v2\/tags?post=1547"},{"taxonomy":"post_series","embeddable":true,"href":"https:\/\/www.p2-ingenieure.de\/gut\/wp-json\/wp\/v2\/post_series?post=1547"}],"curies":[{"name":"wp","href":"https:\/\/api.w.org\/{rel}","templated":true}]}}