{"id":1737,"date":"2018-06-23T09:24:59","date_gmt":"2018-06-23T08:24:59","guid":{"rendered":"http:\/\/www.p2-ingenieure.de\/wordpress\/?p=1737"},"modified":"2018-06-23T09:24:59","modified_gmt":"2018-06-23T08:24:59","slug":"warum-die-belueftung-vom-keller-so-wichtig-ist","status":"publish","type":"post","link":"https:\/\/www.p2-ingenieure.de\/gut\/2018\/06\/23\/warum-die-belueftung-vom-keller-so-wichtig-ist\/","title":{"rendered":"Warum die Bel\u00fcftung vom Keller so wichtig ist!"},"content":{"rendered":"\n<p><em>Erschienen am 23. Juni 2018 im Tagesspiegel<\/em><\/p>\n\n\n\n<h3 class=\"wp-block-heading\">Was steht ins Haus?<\/h3>\n\n\n\n<p>Aus der Eigent\u00fcmergemeinschaft wird eine immer wieder auftretende Feuchtigkeit im Keller unserer Wohnanlage bem\u00e4ngelt. Das Haus ist Baujahr 1963, weitestgehend im Originalzustand. Vor ca. 15 Jahren wurden die Kellerau\u00dfenw\u00e4nde abgedichtet. Insbesondere im W\u00e4scheraum, in dem auch Trockner aufgestellt sind, kommt es an den W\u00e4nden zur Schimmelbildung. Aus manchen Mieterkellern wird vor allem im Sommer von einem klammen Raumklima berichtet. Was k\u00f6nnen wir hier tun? H\u00e4ngt dies mit der seinerzeitigen Kellerabdichtung zusammen? Sollen wir im Sommer mehr l\u00fcften?<\/p>\n\n\n\n<h3 class=\"wp-block-heading\">Was steht im Gesetz?<\/h3>\n\n\n\n<p>Es ist davon auszugehen, dass zu jeder Erstellungszeit die damals geltenden Anforderungen an die Geb\u00e4udenutzung eingehalten wurden. Sch\u00e4den treten immer dann auf, wenn entweder die Nutzung ge\u00e4ndert oder in die Bausubstanz eingegriffen wird. Bei Kellerabdichtungen ist zu beachten, dass diese seinerzeit weder die Materialqualit\u00e4t von heute hatten, noch die handwerklichen Verarbeitungen immer ausreichend sorgf\u00e4ltig waren. Die bauzeitliche Abdichtung wurde insofern zurecht \u00fcberarbeitet. Heute werden an Keller h\u00e4ufig h\u00f6here Anforderungen gestellt als fr\u00fcher: sie sollen trocken sein, es werden Feuchte empfindliche Einrichtungsgegenst\u00e4nde gelagert. Da Kellerr\u00e4ume nicht von der Sonne erw\u00e4rmt werden, sind die Wandoberfl\u00e4chen auch im Sommer deutlich k\u00e4lter als die Au\u00dfenluft. Warme Luft kann viel mehr Wasser als Dampf aufnehmen als kalte: bei 50% relativer Luftfeuchtigkeit enth\u00e4lt 24\u00b0C warme Sommerluft 10,9 g Wasser, 12\u00b0C kalte Luft aber nur 5,3 g. Trifft die warme Luft auf die kalte Kellerwand, steigt die relative Luftfeuchtigkeit an &#8211; im vorliegenden Fall kondensiert sie mit Tr\u00f6pfchenbildung an der Wandoberfl\u00e4che. Im Winter hingegen ist die sehr kalte Au\u00dfenluft trockener als das Kellerklima &#8211; ideal zum Trockenl\u00fcften! Wird im Waschkeller Feuchtigkeit produziert, wie z.B. durch W\u00e4schetrocknen, kommt es unweigerlich zur Auffeuchtung der Raumoberfl\u00e4chen, Schimmelbildung an allen W\u00e4nden ist die unvermeidbare Folge.<\/p>\n\n\n\n<h3 class=\"wp-block-heading\">Und wie stehen Sie dazu?<\/h3>\n\n\n\n<p>Mit den Jahren ver\u00e4nderte Grundwasserst\u00e4nde und h\u00e4ufige Starkregen beanspruchen die Kellerabdichtung st\u00e4rker, als es seinerzeit geplant war. Viele Keller sind aus dem Gel\u00e4nde heraus gehoben &#8211; ein Zeichen f\u00fcr hohen Grundwasserstand. Das eindringende Wasser durchfeuchtet das Mauerwerk und hinterl\u00e4sst, nachdem es wieder zur\u00fcckgegangen ist, Salzr\u00e4nder und Putzabplatzungen. Bei zu hoher Raumluftfeuchte bildet sich Schimmel, aber keine Salzausbl\u00fchungen. Klamme Luft muss aus dem Keller herausgel\u00fcftet werden! Das geht nur durch Querl\u00fcftung: Im Sommer Fenster zu, im Winter bitte l\u00fcften. Zugeklebte Mieterkeller verhindern eine wirksame L\u00fcftung; nicht ohne Grund werden die Abteile offen gebaut! Im W\u00e4scheraum wird es unumg\u00e4nglich sein, eine mechanische L\u00fcftung einzubauen, die feuchtegesteuert, wenig Strom braucht.<\/p>\n","protected":false},"excerpt":{"rendered":"<p>Nach Abdichtung der Kellerwand kommt es Insbesondere im W\u00e4scheraum, in dem auch Trockner aufgestellt sind, trotzdem an den W\u00e4nden noch zur Schimmelbildung.<\/p>\n","protected":false},"author":1,"featured_media":1486,"comment_status":"closed","ping_status":"open","sticky":false,"template":"page-with-right-sidebar","format":"standard","meta":{"footnotes":""},"categories":[9],"tags":[49,69],"post_series":[],"class_list":["post-1737","post","type-post","status-publish","format-standard","has-post-thumbnail","hentry","category-tagesspiegel","tag-kondensatbildung","tag-luftwechsel","entry","has-media"],"yoast_head":"<!-- This site is optimized with the Yoast SEO plugin v25.9 - https:\/\/yoast.com\/wordpress\/plugins\/seo\/ -->\n<title>Warum die Bel\u00fcftung vom Keller so wichtig ist! - P\u00b2 Ingenieure<\/title>\n<meta name=\"robots\" content=\"index, follow, max-snippet:-1, max-image-preview:large, max-video-preview:-1\" \/>\n<link rel=\"canonical\" href=\"https:\/\/www.p2-ingenieure.de\/gut\/2018\/06\/23\/warum-die-belueftung-vom-keller-so-wichtig-ist\/\" \/>\n<meta property=\"og:locale\" content=\"de_DE\" \/>\n<meta property=\"og:type\" content=\"article\" \/>\n<meta property=\"og:title\" content=\"Warum die Bel\u00fcftung vom Keller so wichtig ist! - P\u00b2 Ingenieure\" \/>\n<meta property=\"og:description\" content=\"Nach Abdichtung der Kellerwand kommt es Insbesondere im W\u00e4scheraum, in dem auch Trockner aufgestellt sind, trotzdem an den W\u00e4nden noch zur Schimmelbildung.\" \/>\n<meta property=\"og:url\" content=\"https:\/\/www.p2-ingenieure.de\/gut\/2018\/06\/23\/warum-die-belueftung-vom-keller-so-wichtig-ist\/\" \/>\n<meta property=\"og:site_name\" content=\"P\u00b2 Ingenieure\" \/>\n<meta property=\"article:published_time\" content=\"2018-06-23T08:24:59+00:00\" \/>\n<meta property=\"og:image\" content=\"https:\/\/www.p2-ingenieure.de\/gut\/wp-content\/uploads\/2018\/03\/TSP-bild945x350-1.jpg\" \/>\n\t<meta property=\"og:image:width\" content=\"945\" \/>\n\t<meta property=\"og:image:height\" content=\"350\" \/>\n\t<meta property=\"og:image:type\" content=\"image\/jpeg\" \/>\n<meta name=\"author\" content=\"Paul\" \/>\n<meta name=\"twitter:card\" content=\"summary_large_image\" \/>\n<meta name=\"twitter:label1\" content=\"Verfasst von\" \/>\n\t<meta name=\"twitter:data1\" content=\"Paul\" \/>\n\t<meta name=\"twitter:label2\" content=\"Gesch\u00e4tzte Lesezeit\" \/>\n\t<meta name=\"twitter:data2\" content=\"2\u00a0Minuten\" \/>\n<script type=\"application\/ld+json\" class=\"yoast-schema-graph\">{\"@context\":\"https:\/\/schema.org\",\"@graph\":[{\"@type\":\"Article\",\"@id\":\"https:\/\/www.p2-ingenieure.de\/gut\/2018\/06\/23\/warum-die-belueftung-vom-keller-so-wichtig-ist\/#article\",\"isPartOf\":{\"@id\":\"https:\/\/www.p2-ingenieure.de\/gut\/2018\/06\/23\/warum-die-belueftung-vom-keller-so-wichtig-ist\/\"},\"author\":{\"name\":\"Paul\",\"@id\":\"https:\/\/www.p2-ingenieure.de\/gut\/#\/schema\/person\/f97c631d0ec288ddc753f40a90d3809b\"},\"headline\":\"Warum die Bel\u00fcftung vom Keller so wichtig ist!\",\"datePublished\":\"2018-06-23T08:24:59+00:00\",\"mainEntityOfPage\":{\"@id\":\"https:\/\/www.p2-ingenieure.de\/gut\/2018\/06\/23\/warum-die-belueftung-vom-keller-so-wichtig-ist\/\"},\"wordCount\":449,\"publisher\":{\"@id\":\"https:\/\/www.p2-ingenieure.de\/gut\/#organization\"},\"image\":{\"@id\":\"https:\/\/www.p2-ingenieure.de\/gut\/2018\/06\/23\/warum-die-belueftung-vom-keller-so-wichtig-ist\/#primaryimage\"},\"thumbnailUrl\":\"https:\/\/www.p2-ingenieure.de\/gut\/wp-content\/uploads\/2018\/03\/TSP-bild945x350-1.jpg\",\"keywords\":[\"Kondensatbildung\",\"Luftwechsel\"],\"articleSection\":[\"Tagesspiegel\"],\"inLanguage\":\"de\"},{\"@type\":\"WebPage\",\"@id\":\"https:\/\/www.p2-ingenieure.de\/gut\/2018\/06\/23\/warum-die-belueftung-vom-keller-so-wichtig-ist\/\",\"url\":\"https:\/\/www.p2-ingenieure.de\/gut\/2018\/06\/23\/warum-die-belueftung-vom-keller-so-wichtig-ist\/\",\"name\":\"Warum die Bel\u00fcftung vom Keller so wichtig ist! - P\u00b2 Ingenieure\",\"isPartOf\":{\"@id\":\"https:\/\/www.p2-ingenieure.de\/gut\/#website\"},\"primaryImageOfPage\":{\"@id\":\"https:\/\/www.p2-ingenieure.de\/gut\/2018\/06\/23\/warum-die-belueftung-vom-keller-so-wichtig-ist\/#primaryimage\"},\"image\":{\"@id\":\"https:\/\/www.p2-ingenieure.de\/gut\/2018\/06\/23\/warum-die-belueftung-vom-keller-so-wichtig-ist\/#primaryimage\"},\"thumbnailUrl\":\"https:\/\/www.p2-ingenieure.de\/gut\/wp-content\/uploads\/2018\/03\/TSP-bild945x350-1.jpg\",\"datePublished\":\"2018-06-23T08:24:59+00:00\",\"breadcrumb\":{\"@id\":\"https:\/\/www.p2-ingenieure.de\/gut\/2018\/06\/23\/warum-die-belueftung-vom-keller-so-wichtig-ist\/#breadcrumb\"},\"inLanguage\":\"de\",\"potentialAction\":[{\"@type\":\"ReadAction\",\"target\":[\"https:\/\/www.p2-ingenieure.de\/gut\/2018\/06\/23\/warum-die-belueftung-vom-keller-so-wichtig-ist\/\"]}]},{\"@type\":\"ImageObject\",\"inLanguage\":\"de\",\"@id\":\"https:\/\/www.p2-ingenieure.de\/gut\/2018\/06\/23\/warum-die-belueftung-vom-keller-so-wichtig-ist\/#primaryimage\",\"url\":\"https:\/\/www.p2-ingenieure.de\/gut\/wp-content\/uploads\/2018\/03\/TSP-bild945x350-1.jpg\",\"contentUrl\":\"https:\/\/www.p2-ingenieure.de\/gut\/wp-content\/uploads\/2018\/03\/TSP-bild945x350-1.jpg\",\"width\":945,\"height\":350,\"caption\":\"Tagesspiegel Icon\"},{\"@type\":\"BreadcrumbList\",\"@id\":\"https:\/\/www.p2-ingenieure.de\/gut\/2018\/06\/23\/warum-die-belueftung-vom-keller-so-wichtig-ist\/#breadcrumb\",\"itemListElement\":[{\"@type\":\"ListItem\",\"position\":1,\"name\":\"Startseite\",\"item\":\"https:\/\/www.p2-ingenieure.de\/gut\/\"},{\"@type\":\"ListItem\",\"position\":2,\"name\":\"Warum die Bel\u00fcftung vom Keller so wichtig ist!\"}]},{\"@type\":\"WebSite\",\"@id\":\"https:\/\/www.p2-ingenieure.de\/gut\/#website\",\"url\":\"https:\/\/www.p2-ingenieure.de\/gut\/\",\"name\":\"P\u00b2 Ingenieure\",\"description\":\"Ingenieurb\u00fcro Sabine und Manfred Puche\",\"publisher\":{\"@id\":\"https:\/\/www.p2-ingenieure.de\/gut\/#organization\"},\"potentialAction\":[{\"@type\":\"SearchAction\",\"target\":{\"@type\":\"EntryPoint\",\"urlTemplate\":\"https:\/\/www.p2-ingenieure.de\/gut\/?s={search_term_string}\"},\"query-input\":{\"@type\":\"PropertyValueSpecification\",\"valueRequired\":true,\"valueName\":\"search_term_string\"}}],\"inLanguage\":\"de\"},{\"@type\":\"Organization\",\"@id\":\"https:\/\/www.p2-ingenieure.de\/gut\/#organization\",\"name\":\"P\u00b2 Ingenieure\",\"url\":\"https:\/\/www.p2-ingenieure.de\/gut\/\",\"logo\":{\"@type\":\"ImageObject\",\"inLanguage\":\"de\",\"@id\":\"https:\/\/www.p2-ingenieure.de\/gut\/#\/schema\/logo\/image\/\",\"url\":\"https:\/\/www.p2-ingenieure.de\/gut\/wp-content\/uploads\/2025\/02\/cropped-logo200x200.png\",\"contentUrl\":\"https:\/\/www.p2-ingenieure.de\/gut\/wp-content\/uploads\/2025\/02\/cropped-logo200x200.png\",\"width\":512,\"height\":512,\"caption\":\"P\u00b2 Ingenieure\"},\"image\":{\"@id\":\"https:\/\/www.p2-ingenieure.de\/gut\/#\/schema\/logo\/image\/\"}},{\"@type\":\"Person\",\"@id\":\"https:\/\/www.p2-ingenieure.de\/gut\/#\/schema\/person\/f97c631d0ec288ddc753f40a90d3809b\",\"name\":\"Paul\",\"image\":{\"@type\":\"ImageObject\",\"inLanguage\":\"de\",\"@id\":\"https:\/\/www.p2-ingenieure.de\/gut\/#\/schema\/person\/image\/\",\"url\":\"https:\/\/secure.gravatar.com\/avatar\/2d82a344fc8c5bf8fe56df9cbca897eddd43ae86d04b0228884f9aa72ea5d153?s=96&d=mm&r=g\",\"contentUrl\":\"https:\/\/secure.gravatar.com\/avatar\/2d82a344fc8c5bf8fe56df9cbca897eddd43ae86d04b0228884f9aa72ea5d153?s=96&d=mm&r=g\",\"caption\":\"Paul\"},\"sameAs\":[\"https:\/\/www.p2-ingenieure.de\/gut\"],\"url\":\"https:\/\/www.p2-ingenieure.de\/gut\/author\/paul\/\"}]}<\/script>\n<!-- \/ Yoast SEO plugin. -->","yoast_head_json":{"title":"Warum die Bel\u00fcftung vom Keller so wichtig ist! - P\u00b2 Ingenieure","robots":{"index":"index","follow":"follow","max-snippet":"max-snippet:-1","max-image-preview":"max-image-preview:large","max-video-preview":"max-video-preview:-1"},"canonical":"https:\/\/www.p2-ingenieure.de\/gut\/2018\/06\/23\/warum-die-belueftung-vom-keller-so-wichtig-ist\/","og_locale":"de_DE","og_type":"article","og_title":"Warum die Bel\u00fcftung vom Keller so wichtig ist! - P\u00b2 Ingenieure","og_description":"Nach Abdichtung der Kellerwand kommt es Insbesondere im W\u00e4scheraum, in dem auch Trockner aufgestellt sind, trotzdem an den W\u00e4nden noch zur Schimmelbildung.","og_url":"https:\/\/www.p2-ingenieure.de\/gut\/2018\/06\/23\/warum-die-belueftung-vom-keller-so-wichtig-ist\/","og_site_name":"P\u00b2 Ingenieure","article_published_time":"2018-06-23T08:24:59+00:00","og_image":[{"width":945,"height":350,"url":"https:\/\/www.p2-ingenieure.de\/gut\/wp-content\/uploads\/2018\/03\/TSP-bild945x350-1.jpg","type":"image\/jpeg"}],"author":"Paul","twitter_card":"summary_large_image","twitter_misc":{"Verfasst von":"Paul","Gesch\u00e4tzte Lesezeit":"2\u00a0Minuten"},"schema":{"@context":"https:\/\/schema.org","@graph":[{"@type":"Article","@id":"https:\/\/www.p2-ingenieure.de\/gut\/2018\/06\/23\/warum-die-belueftung-vom-keller-so-wichtig-ist\/#article","isPartOf":{"@id":"https:\/\/www.p2-ingenieure.de\/gut\/2018\/06\/23\/warum-die-belueftung-vom-keller-so-wichtig-ist\/"},"author":{"name":"Paul","@id":"https:\/\/www.p2-ingenieure.de\/gut\/#\/schema\/person\/f97c631d0ec288ddc753f40a90d3809b"},"headline":"Warum die Bel\u00fcftung vom Keller so wichtig ist!","datePublished":"2018-06-23T08:24:59+00:00","mainEntityOfPage":{"@id":"https:\/\/www.p2-ingenieure.de\/gut\/2018\/06\/23\/warum-die-belueftung-vom-keller-so-wichtig-ist\/"},"wordCount":449,"publisher":{"@id":"https:\/\/www.p2-ingenieure.de\/gut\/#organization"},"image":{"@id":"https:\/\/www.p2-ingenieure.de\/gut\/2018\/06\/23\/warum-die-belueftung-vom-keller-so-wichtig-ist\/#primaryimage"},"thumbnailUrl":"https:\/\/www.p2-ingenieure.de\/gut\/wp-content\/uploads\/2018\/03\/TSP-bild945x350-1.jpg","keywords":["Kondensatbildung","Luftwechsel"],"articleSection":["Tagesspiegel"],"inLanguage":"de"},{"@type":"WebPage","@id":"https:\/\/www.p2-ingenieure.de\/gut\/2018\/06\/23\/warum-die-belueftung-vom-keller-so-wichtig-ist\/","url":"https:\/\/www.p2-ingenieure.de\/gut\/2018\/06\/23\/warum-die-belueftung-vom-keller-so-wichtig-ist\/","name":"Warum die Bel\u00fcftung vom Keller so wichtig ist! - P\u00b2 Ingenieure","isPartOf":{"@id":"https:\/\/www.p2-ingenieure.de\/gut\/#website"},"primaryImageOfPage":{"@id":"https:\/\/www.p2-ingenieure.de\/gut\/2018\/06\/23\/warum-die-belueftung-vom-keller-so-wichtig-ist\/#primaryimage"},"image":{"@id":"https:\/\/www.p2-ingenieure.de\/gut\/2018\/06\/23\/warum-die-belueftung-vom-keller-so-wichtig-ist\/#primaryimage"},"thumbnailUrl":"https:\/\/www.p2-ingenieure.de\/gut\/wp-content\/uploads\/2018\/03\/TSP-bild945x350-1.jpg","datePublished":"2018-06-23T08:24:59+00:00","breadcrumb":{"@id":"https:\/\/www.p2-ingenieure.de\/gut\/2018\/06\/23\/warum-die-belueftung-vom-keller-so-wichtig-ist\/#breadcrumb"},"inLanguage":"de","potentialAction":[{"@type":"ReadAction","target":["https:\/\/www.p2-ingenieure.de\/gut\/2018\/06\/23\/warum-die-belueftung-vom-keller-so-wichtig-ist\/"]}]},{"@type":"ImageObject","inLanguage":"de","@id":"https:\/\/www.p2-ingenieure.de\/gut\/2018\/06\/23\/warum-die-belueftung-vom-keller-so-wichtig-ist\/#primaryimage","url":"https:\/\/www.p2-ingenieure.de\/gut\/wp-content\/uploads\/2018\/03\/TSP-bild945x350-1.jpg","contentUrl":"https:\/\/www.p2-ingenieure.de\/gut\/wp-content\/uploads\/2018\/03\/TSP-bild945x350-1.jpg","width":945,"height":350,"caption":"Tagesspiegel Icon"},{"@type":"BreadcrumbList","@id":"https:\/\/www.p2-ingenieure.de\/gut\/2018\/06\/23\/warum-die-belueftung-vom-keller-so-wichtig-ist\/#breadcrumb","itemListElement":[{"@type":"ListItem","position":1,"name":"Startseite","item":"https:\/\/www.p2-ingenieure.de\/gut\/"},{"@type":"ListItem","position":2,"name":"Warum die Bel\u00fcftung vom Keller so wichtig ist!"}]},{"@type":"WebSite","@id":"https:\/\/www.p2-ingenieure.de\/gut\/#website","url":"https:\/\/www.p2-ingenieure.de\/gut\/","name":"P\u00b2 Ingenieure","description":"Ingenieurb\u00fcro Sabine und Manfred Puche","publisher":{"@id":"https:\/\/www.p2-ingenieure.de\/gut\/#organization"},"potentialAction":[{"@type":"SearchAction","target":{"@type":"EntryPoint","urlTemplate":"https:\/\/www.p2-ingenieure.de\/gut\/?s={search_term_string}"},"query-input":{"@type":"PropertyValueSpecification","valueRequired":true,"valueName":"search_term_string"}}],"inLanguage":"de"},{"@type":"Organization","@id":"https:\/\/www.p2-ingenieure.de\/gut\/#organization","name":"P\u00b2 Ingenieure","url":"https:\/\/www.p2-ingenieure.de\/gut\/","logo":{"@type":"ImageObject","inLanguage":"de","@id":"https:\/\/www.p2-ingenieure.de\/gut\/#\/schema\/logo\/image\/","url":"https:\/\/www.p2-ingenieure.de\/gut\/wp-content\/uploads\/2025\/02\/cropped-logo200x200.png","contentUrl":"https:\/\/www.p2-ingenieure.de\/gut\/wp-content\/uploads\/2025\/02\/cropped-logo200x200.png","width":512,"height":512,"caption":"P\u00b2 Ingenieure"},"image":{"@id":"https:\/\/www.p2-ingenieure.de\/gut\/#\/schema\/logo\/image\/"}},{"@type":"Person","@id":"https:\/\/www.p2-ingenieure.de\/gut\/#\/schema\/person\/f97c631d0ec288ddc753f40a90d3809b","name":"Paul","image":{"@type":"ImageObject","inLanguage":"de","@id":"https:\/\/www.p2-ingenieure.de\/gut\/#\/schema\/person\/image\/","url":"https:\/\/secure.gravatar.com\/avatar\/2d82a344fc8c5bf8fe56df9cbca897eddd43ae86d04b0228884f9aa72ea5d153?s=96&d=mm&r=g","contentUrl":"https:\/\/secure.gravatar.com\/avatar\/2d82a344fc8c5bf8fe56df9cbca897eddd43ae86d04b0228884f9aa72ea5d153?s=96&d=mm&r=g","caption":"Paul"},"sameAs":["https:\/\/www.p2-ingenieure.de\/gut"],"url":"https:\/\/www.p2-ingenieure.de\/gut\/author\/paul\/"}]}},"_links":{"self":[{"href":"https:\/\/www.p2-ingenieure.de\/gut\/wp-json\/wp\/v2\/posts\/1737","targetHints":{"allow":["GET"]}}],"collection":[{"href":"https:\/\/www.p2-ingenieure.de\/gut\/wp-json\/wp\/v2\/posts"}],"about":[{"href":"https:\/\/www.p2-ingenieure.de\/gut\/wp-json\/wp\/v2\/types\/post"}],"author":[{"embeddable":true,"href":"https:\/\/www.p2-ingenieure.de\/gut\/wp-json\/wp\/v2\/users\/1"}],"replies":[{"embeddable":true,"href":"https:\/\/www.p2-ingenieure.de\/gut\/wp-json\/wp\/v2\/comments?post=1737"}],"version-history":[{"count":0,"href":"https:\/\/www.p2-ingenieure.de\/gut\/wp-json\/wp\/v2\/posts\/1737\/revisions"}],"wp:featuredmedia":[{"embeddable":true,"href":"https:\/\/www.p2-ingenieure.de\/gut\/wp-json\/wp\/v2\/media\/1486"}],"wp:attachment":[{"href":"https:\/\/www.p2-ingenieure.de\/gut\/wp-json\/wp\/v2\/media?parent=1737"}],"wp:term":[{"taxonomy":"category","embeddable":true,"href":"https:\/\/www.p2-ingenieure.de\/gut\/wp-json\/wp\/v2\/categories?post=1737"},{"taxonomy":"post_tag","embeddable":true,"href":"https:\/\/www.p2-ingenieure.de\/gut\/wp-json\/wp\/v2\/tags?post=1737"},{"taxonomy":"post_series","embeddable":true,"href":"https:\/\/www.p2-ingenieure.de\/gut\/wp-json\/wp\/v2\/post_series?post=1737"}],"curies":[{"name":"wp","href":"https:\/\/api.w.org\/{rel}","templated":true}]}}