{"id":1740,"date":"2018-07-21T11:33:25","date_gmt":"2018-07-21T10:33:25","guid":{"rendered":"http:\/\/www.p2-ingenieure.de\/wordpress\/?p=1740"},"modified":"2018-07-21T11:33:25","modified_gmt":"2018-07-21T10:33:25","slug":"schimmelbildung-am-ge-se","status":"publish","type":"post","link":"https:\/\/www.p2-ingenieure.de\/gut\/2018\/07\/21\/schimmelbildung-am-ge-se\/","title":{"rendered":"Schimmelbildung am GE &#038; SE"},"content":{"rendered":"\n<h3 class=\"wp-block-heading\">Was steht ins Haus?<\/h3>\n\n\n\n<p>In meiner vermieteten Eigentumswohnung hat sich in einem Erker Schimmelbefall gebildet. \u00dcber dem Erker liegt ein Balkon, der m\u00f6glicherweise nicht dicht ist. Zur Fehlersuche habe ich einen Gutachter beauftragt, damit ich gemeinsam mit der Eigent\u00fcmergemeinschaft etwas dagegen tun kann. Auch soll er L\u00f6sungswege aufzeigen. Ich warte nun seit der Begehung in Januar auf das Gutachten, das mir schriftlich f\u00fcr die 15. KW zugesagt wurde, insbesondere ben\u00f6tige ich es f\u00fcr die bald stattfindende Eigent\u00fcmerversammlung. Wie kann ich das beschleunigen, was kann ich tun?<\/p>\n\n\n\n<h3 class=\"wp-block-heading\">Was steht im Gesetz?<\/h3>\n\n\n\n<p>Den Durchlaufschaden eines undichten Balkons von einer Schimmelbildung, die aus der Wohnung heraus erfolgt, zu unterscheiden, sollte einfach gelingen. Im einen Fall handelt es sich um eine gro\u00dfe Menge Wasser, das immer nach Niederschl\u00e4gen aus dem Geb\u00e4ude selbst hervortritt. Schimmel bildet sich hiernach eher selten, da dieses Wasser abtrocknet und allenfalls gelbe Feuchter\u00e4nder hinterl\u00e4sst. Schimmel entsteht i.d.R. durch zu hohe Raumluftfeuchte bzw. eine fehlerhafte D\u00e4mmung. Dann setzt sich Feuchtigkeit von innen an den k\u00fchlen Stellen des Raumes ab, Tapete oder Farbe beginnen zu schimmeln. In beiden F\u00e4llen kann es sich um einen Mangel am Gemeinschaftseigentum (GE) handeln, im zweiten Fall kann aber auch eine mangelhafte L\u00fcftung bzw. ungen\u00fcgendes Heizen des Mieters vorliegen. Dann w\u00e4re allerdings die Gemeinschaft nicht der richtige Ansprechpartner. Hierzu sind genaue Untersuchungen zur Bausubstanz und dem Heiz-\/ L\u00fcftungsverhalten des Mieters erforderlich, die sich i.d.R. nicht bei einem einzelnen Ortstermin \u2013 im Winter ! &#8211; kl\u00e4ren lassen. Daraus lassen sich dann Verantwortlichkeiten und L\u00f6sungswege ableiten. F\u00fcr einen Durchlaufschaden oder einen Mangel an der Au\u00dfenh\u00fclle des Geb\u00e4udes w\u00e4re die Gemeinschaft zust\u00e4ndig, f\u00fcr die die Verwaltung das erforderliche Handeln \u00fcbernimmt. Insofern ist es immer sinnvoll, die Verwaltung fr\u00fch einzubinden, wenn die Zust\u00e4ndigkeit nicht klar in Ihrem Sondereigentum liegt.<\/p>\n\n\n\n<h3 class=\"wp-block-heading\">Und wie stehen Sie dazu?<\/h3>\n\n\n\n<p>Besteht Sorge, dass ein Schaden oder Mangel an der Geb\u00e4udesubstanz vorliegt, d.h. an der Au\u00dfenh\u00fclle \u201eDach und Fach\u201c, ist immer die Hausverwaltung einzuschalten und das erforderliche Vorgehen abzukl\u00e4ren. Auch wenn sich Ihr Mieter selbstverst\u00e4ndlich an Sie wendet, kann doch die Gemeinschaft zust\u00e4ndig sein. Die Verwaltung wird dem Gutachter pr\u00e4zise technische Fragen stellen und die Zust\u00e4ndigkeit zwischen Sonder- und Gemeinschaftseigentum feststellen. Wenn der Gutachter Ihnen einen Termin zur Vorlage seiner Stellungnahme zugesichert hat, sollte er sich daran halten. Sie m\u00fcssten dann Druck machen, die rechtlichen M\u00f6glichkeiten einer Verzugsetzung und ggf. K\u00fcndigung bringen Sie nicht weiter, da Sie ja seine Expertise ben\u00f6tigen und erneute Messungen ggf. erst wieder im n\u00e4chsten Winter m\u00f6glich sein werden.<\/p>\n","protected":false},"excerpt":{"rendered":"<p>Fehlersuche zu Feuchtigkeitssch\u00e4den &#8211; Gutachter ist beauftragt, aber wie kann ich als Eigent\u00fcmer (in einer WEG) das Vorgehen beschleunigen?<\/p>\n","protected":false},"author":1,"featured_media":1486,"comment_status":"closed","ping_status":"open","sticky":false,"template":"page-with-right-sidebar","format":"standard","meta":{"footnotes":""},"categories":[9],"tags":[69,70],"post_series":[],"class_list":["post-1740","post","type-post","status-publish","format-standard","has-post-thumbnail","hentry","category-tagesspiegel","tag-luftwechsel","tag-schimmelbildung","entry","has-media"],"yoast_head":"<!-- This site is optimized with the Yoast SEO plugin v25.9 - https:\/\/yoast.com\/wordpress\/plugins\/seo\/ -->\n<title>Schimmelbildung am GE &amp; SE - P\u00b2 Ingenieure<\/title>\n<meta name=\"robots\" content=\"index, follow, max-snippet:-1, max-image-preview:large, max-video-preview:-1\" \/>\n<link rel=\"canonical\" href=\"https:\/\/www.p2-ingenieure.de\/gut\/2018\/07\/21\/schimmelbildung-am-ge-se\/\" \/>\n<meta property=\"og:locale\" content=\"de_DE\" \/>\n<meta property=\"og:type\" content=\"article\" \/>\n<meta property=\"og:title\" content=\"Schimmelbildung am GE &amp; SE - P\u00b2 Ingenieure\" \/>\n<meta property=\"og:description\" content=\"Fehlersuche zu Feuchtigkeitssch\u00e4den - Gutachter ist beauftragt, aber wie kann ich als Eigent\u00fcmer (in einer WEG) das Vorgehen beschleunigen?\" \/>\n<meta property=\"og:url\" content=\"https:\/\/www.p2-ingenieure.de\/gut\/2018\/07\/21\/schimmelbildung-am-ge-se\/\" \/>\n<meta property=\"og:site_name\" content=\"P\u00b2 Ingenieure\" \/>\n<meta property=\"article:published_time\" content=\"2018-07-21T10:33:25+00:00\" \/>\n<meta property=\"og:image\" content=\"https:\/\/www.p2-ingenieure.de\/gut\/wp-content\/uploads\/2018\/03\/TSP-bild945x350-1.jpg\" \/>\n\t<meta property=\"og:image:width\" content=\"945\" \/>\n\t<meta property=\"og:image:height\" content=\"350\" \/>\n\t<meta property=\"og:image:type\" content=\"image\/jpeg\" \/>\n<meta name=\"author\" content=\"Paul\" \/>\n<meta name=\"twitter:card\" content=\"summary_large_image\" \/>\n<meta name=\"twitter:label1\" content=\"Verfasst von\" \/>\n\t<meta name=\"twitter:data1\" content=\"Paul\" \/>\n\t<meta name=\"twitter:label2\" content=\"Gesch\u00e4tzte Lesezeit\" \/>\n\t<meta name=\"twitter:data2\" content=\"2\u00a0Minuten\" \/>\n<script type=\"application\/ld+json\" class=\"yoast-schema-graph\">{\"@context\":\"https:\/\/schema.org\",\"@graph\":[{\"@type\":\"Article\",\"@id\":\"https:\/\/www.p2-ingenieure.de\/gut\/2018\/07\/21\/schimmelbildung-am-ge-se\/#article\",\"isPartOf\":{\"@id\":\"https:\/\/www.p2-ingenieure.de\/gut\/2018\/07\/21\/schimmelbildung-am-ge-se\/\"},\"author\":{\"name\":\"Paul\",\"@id\":\"https:\/\/www.p2-ingenieure.de\/gut\/#\/schema\/person\/f97c631d0ec288ddc753f40a90d3809b\"},\"headline\":\"Schimmelbildung am GE &#038; SE\",\"datePublished\":\"2018-07-21T10:33:25+00:00\",\"mainEntityOfPage\":{\"@id\":\"https:\/\/www.p2-ingenieure.de\/gut\/2018\/07\/21\/schimmelbildung-am-ge-se\/\"},\"wordCount\":455,\"publisher\":{\"@id\":\"https:\/\/www.p2-ingenieure.de\/gut\/#organization\"},\"image\":{\"@id\":\"https:\/\/www.p2-ingenieure.de\/gut\/2018\/07\/21\/schimmelbildung-am-ge-se\/#primaryimage\"},\"thumbnailUrl\":\"https:\/\/www.p2-ingenieure.de\/gut\/wp-content\/uploads\/2018\/03\/TSP-bild945x350-1.jpg\",\"keywords\":[\"Luftwechsel\",\"Schimmelbildung\"],\"articleSection\":[\"Tagesspiegel\"],\"inLanguage\":\"de\"},{\"@type\":\"WebPage\",\"@id\":\"https:\/\/www.p2-ingenieure.de\/gut\/2018\/07\/21\/schimmelbildung-am-ge-se\/\",\"url\":\"https:\/\/www.p2-ingenieure.de\/gut\/2018\/07\/21\/schimmelbildung-am-ge-se\/\",\"name\":\"Schimmelbildung am GE & SE - P\u00b2 Ingenieure\",\"isPartOf\":{\"@id\":\"https:\/\/www.p2-ingenieure.de\/gut\/#website\"},\"primaryImageOfPage\":{\"@id\":\"https:\/\/www.p2-ingenieure.de\/gut\/2018\/07\/21\/schimmelbildung-am-ge-se\/#primaryimage\"},\"image\":{\"@id\":\"https:\/\/www.p2-ingenieure.de\/gut\/2018\/07\/21\/schimmelbildung-am-ge-se\/#primaryimage\"},\"thumbnailUrl\":\"https:\/\/www.p2-ingenieure.de\/gut\/wp-content\/uploads\/2018\/03\/TSP-bild945x350-1.jpg\",\"datePublished\":\"2018-07-21T10:33:25+00:00\",\"breadcrumb\":{\"@id\":\"https:\/\/www.p2-ingenieure.de\/gut\/2018\/07\/21\/schimmelbildung-am-ge-se\/#breadcrumb\"},\"inLanguage\":\"de\",\"potentialAction\":[{\"@type\":\"ReadAction\",\"target\":[\"https:\/\/www.p2-ingenieure.de\/gut\/2018\/07\/21\/schimmelbildung-am-ge-se\/\"]}]},{\"@type\":\"ImageObject\",\"inLanguage\":\"de\",\"@id\":\"https:\/\/www.p2-ingenieure.de\/gut\/2018\/07\/21\/schimmelbildung-am-ge-se\/#primaryimage\",\"url\":\"https:\/\/www.p2-ingenieure.de\/gut\/wp-content\/uploads\/2018\/03\/TSP-bild945x350-1.jpg\",\"contentUrl\":\"https:\/\/www.p2-ingenieure.de\/gut\/wp-content\/uploads\/2018\/03\/TSP-bild945x350-1.jpg\",\"width\":945,\"height\":350,\"caption\":\"Tagesspiegel Icon\"},{\"@type\":\"BreadcrumbList\",\"@id\":\"https:\/\/www.p2-ingenieure.de\/gut\/2018\/07\/21\/schimmelbildung-am-ge-se\/#breadcrumb\",\"itemListElement\":[{\"@type\":\"ListItem\",\"position\":1,\"name\":\"Startseite\",\"item\":\"https:\/\/www.p2-ingenieure.de\/gut\/\"},{\"@type\":\"ListItem\",\"position\":2,\"name\":\"Schimmelbildung am GE &#038; SE\"}]},{\"@type\":\"WebSite\",\"@id\":\"https:\/\/www.p2-ingenieure.de\/gut\/#website\",\"url\":\"https:\/\/www.p2-ingenieure.de\/gut\/\",\"name\":\"P\u00b2 Ingenieure\",\"description\":\"Ingenieurb\u00fcro Sabine und Manfred Puche\",\"publisher\":{\"@id\":\"https:\/\/www.p2-ingenieure.de\/gut\/#organization\"},\"potentialAction\":[{\"@type\":\"SearchAction\",\"target\":{\"@type\":\"EntryPoint\",\"urlTemplate\":\"https:\/\/www.p2-ingenieure.de\/gut\/?s={search_term_string}\"},\"query-input\":{\"@type\":\"PropertyValueSpecification\",\"valueRequired\":true,\"valueName\":\"search_term_string\"}}],\"inLanguage\":\"de\"},{\"@type\":\"Organization\",\"@id\":\"https:\/\/www.p2-ingenieure.de\/gut\/#organization\",\"name\":\"P\u00b2 Ingenieure\",\"url\":\"https:\/\/www.p2-ingenieure.de\/gut\/\",\"logo\":{\"@type\":\"ImageObject\",\"inLanguage\":\"de\",\"@id\":\"https:\/\/www.p2-ingenieure.de\/gut\/#\/schema\/logo\/image\/\",\"url\":\"https:\/\/www.p2-ingenieure.de\/gut\/wp-content\/uploads\/2025\/02\/cropped-logo200x200.png\",\"contentUrl\":\"https:\/\/www.p2-ingenieure.de\/gut\/wp-content\/uploads\/2025\/02\/cropped-logo200x200.png\",\"width\":512,\"height\":512,\"caption\":\"P\u00b2 Ingenieure\"},\"image\":{\"@id\":\"https:\/\/www.p2-ingenieure.de\/gut\/#\/schema\/logo\/image\/\"}},{\"@type\":\"Person\",\"@id\":\"https:\/\/www.p2-ingenieure.de\/gut\/#\/schema\/person\/f97c631d0ec288ddc753f40a90d3809b\",\"name\":\"Paul\",\"image\":{\"@type\":\"ImageObject\",\"inLanguage\":\"de\",\"@id\":\"https:\/\/www.p2-ingenieure.de\/gut\/#\/schema\/person\/image\/\",\"url\":\"https:\/\/secure.gravatar.com\/avatar\/2d82a344fc8c5bf8fe56df9cbca897eddd43ae86d04b0228884f9aa72ea5d153?s=96&d=mm&r=g\",\"contentUrl\":\"https:\/\/secure.gravatar.com\/avatar\/2d82a344fc8c5bf8fe56df9cbca897eddd43ae86d04b0228884f9aa72ea5d153?s=96&d=mm&r=g\",\"caption\":\"Paul\"},\"sameAs\":[\"https:\/\/www.p2-ingenieure.de\/gut\"],\"url\":\"https:\/\/www.p2-ingenieure.de\/gut\/author\/paul\/\"}]}<\/script>\n<!-- \/ Yoast SEO plugin. -->","yoast_head_json":{"title":"Schimmelbildung am GE & SE - P\u00b2 Ingenieure","robots":{"index":"index","follow":"follow","max-snippet":"max-snippet:-1","max-image-preview":"max-image-preview:large","max-video-preview":"max-video-preview:-1"},"canonical":"https:\/\/www.p2-ingenieure.de\/gut\/2018\/07\/21\/schimmelbildung-am-ge-se\/","og_locale":"de_DE","og_type":"article","og_title":"Schimmelbildung am GE & SE - P\u00b2 Ingenieure","og_description":"Fehlersuche zu Feuchtigkeitssch\u00e4den - Gutachter ist beauftragt, aber wie kann ich als Eigent\u00fcmer (in einer WEG) das Vorgehen beschleunigen?","og_url":"https:\/\/www.p2-ingenieure.de\/gut\/2018\/07\/21\/schimmelbildung-am-ge-se\/","og_site_name":"P\u00b2 Ingenieure","article_published_time":"2018-07-21T10:33:25+00:00","og_image":[{"width":945,"height":350,"url":"https:\/\/www.p2-ingenieure.de\/gut\/wp-content\/uploads\/2018\/03\/TSP-bild945x350-1.jpg","type":"image\/jpeg"}],"author":"Paul","twitter_card":"summary_large_image","twitter_misc":{"Verfasst von":"Paul","Gesch\u00e4tzte Lesezeit":"2\u00a0Minuten"},"schema":{"@context":"https:\/\/schema.org","@graph":[{"@type":"Article","@id":"https:\/\/www.p2-ingenieure.de\/gut\/2018\/07\/21\/schimmelbildung-am-ge-se\/#article","isPartOf":{"@id":"https:\/\/www.p2-ingenieure.de\/gut\/2018\/07\/21\/schimmelbildung-am-ge-se\/"},"author":{"name":"Paul","@id":"https:\/\/www.p2-ingenieure.de\/gut\/#\/schema\/person\/f97c631d0ec288ddc753f40a90d3809b"},"headline":"Schimmelbildung am GE &#038; SE","datePublished":"2018-07-21T10:33:25+00:00","mainEntityOfPage":{"@id":"https:\/\/www.p2-ingenieure.de\/gut\/2018\/07\/21\/schimmelbildung-am-ge-se\/"},"wordCount":455,"publisher":{"@id":"https:\/\/www.p2-ingenieure.de\/gut\/#organization"},"image":{"@id":"https:\/\/www.p2-ingenieure.de\/gut\/2018\/07\/21\/schimmelbildung-am-ge-se\/#primaryimage"},"thumbnailUrl":"https:\/\/www.p2-ingenieure.de\/gut\/wp-content\/uploads\/2018\/03\/TSP-bild945x350-1.jpg","keywords":["Luftwechsel","Schimmelbildung"],"articleSection":["Tagesspiegel"],"inLanguage":"de"},{"@type":"WebPage","@id":"https:\/\/www.p2-ingenieure.de\/gut\/2018\/07\/21\/schimmelbildung-am-ge-se\/","url":"https:\/\/www.p2-ingenieure.de\/gut\/2018\/07\/21\/schimmelbildung-am-ge-se\/","name":"Schimmelbildung am GE & SE - P\u00b2 Ingenieure","isPartOf":{"@id":"https:\/\/www.p2-ingenieure.de\/gut\/#website"},"primaryImageOfPage":{"@id":"https:\/\/www.p2-ingenieure.de\/gut\/2018\/07\/21\/schimmelbildung-am-ge-se\/#primaryimage"},"image":{"@id":"https:\/\/www.p2-ingenieure.de\/gut\/2018\/07\/21\/schimmelbildung-am-ge-se\/#primaryimage"},"thumbnailUrl":"https:\/\/www.p2-ingenieure.de\/gut\/wp-content\/uploads\/2018\/03\/TSP-bild945x350-1.jpg","datePublished":"2018-07-21T10:33:25+00:00","breadcrumb":{"@id":"https:\/\/www.p2-ingenieure.de\/gut\/2018\/07\/21\/schimmelbildung-am-ge-se\/#breadcrumb"},"inLanguage":"de","potentialAction":[{"@type":"ReadAction","target":["https:\/\/www.p2-ingenieure.de\/gut\/2018\/07\/21\/schimmelbildung-am-ge-se\/"]}]},{"@type":"ImageObject","inLanguage":"de","@id":"https:\/\/www.p2-ingenieure.de\/gut\/2018\/07\/21\/schimmelbildung-am-ge-se\/#primaryimage","url":"https:\/\/www.p2-ingenieure.de\/gut\/wp-content\/uploads\/2018\/03\/TSP-bild945x350-1.jpg","contentUrl":"https:\/\/www.p2-ingenieure.de\/gut\/wp-content\/uploads\/2018\/03\/TSP-bild945x350-1.jpg","width":945,"height":350,"caption":"Tagesspiegel Icon"},{"@type":"BreadcrumbList","@id":"https:\/\/www.p2-ingenieure.de\/gut\/2018\/07\/21\/schimmelbildung-am-ge-se\/#breadcrumb","itemListElement":[{"@type":"ListItem","position":1,"name":"Startseite","item":"https:\/\/www.p2-ingenieure.de\/gut\/"},{"@type":"ListItem","position":2,"name":"Schimmelbildung am GE &#038; SE"}]},{"@type":"WebSite","@id":"https:\/\/www.p2-ingenieure.de\/gut\/#website","url":"https:\/\/www.p2-ingenieure.de\/gut\/","name":"P\u00b2 Ingenieure","description":"Ingenieurb\u00fcro Sabine und Manfred Puche","publisher":{"@id":"https:\/\/www.p2-ingenieure.de\/gut\/#organization"},"potentialAction":[{"@type":"SearchAction","target":{"@type":"EntryPoint","urlTemplate":"https:\/\/www.p2-ingenieure.de\/gut\/?s={search_term_string}"},"query-input":{"@type":"PropertyValueSpecification","valueRequired":true,"valueName":"search_term_string"}}],"inLanguage":"de"},{"@type":"Organization","@id":"https:\/\/www.p2-ingenieure.de\/gut\/#organization","name":"P\u00b2 Ingenieure","url":"https:\/\/www.p2-ingenieure.de\/gut\/","logo":{"@type":"ImageObject","inLanguage":"de","@id":"https:\/\/www.p2-ingenieure.de\/gut\/#\/schema\/logo\/image\/","url":"https:\/\/www.p2-ingenieure.de\/gut\/wp-content\/uploads\/2025\/02\/cropped-logo200x200.png","contentUrl":"https:\/\/www.p2-ingenieure.de\/gut\/wp-content\/uploads\/2025\/02\/cropped-logo200x200.png","width":512,"height":512,"caption":"P\u00b2 Ingenieure"},"image":{"@id":"https:\/\/www.p2-ingenieure.de\/gut\/#\/schema\/logo\/image\/"}},{"@type":"Person","@id":"https:\/\/www.p2-ingenieure.de\/gut\/#\/schema\/person\/f97c631d0ec288ddc753f40a90d3809b","name":"Paul","image":{"@type":"ImageObject","inLanguage":"de","@id":"https:\/\/www.p2-ingenieure.de\/gut\/#\/schema\/person\/image\/","url":"https:\/\/secure.gravatar.com\/avatar\/2d82a344fc8c5bf8fe56df9cbca897eddd43ae86d04b0228884f9aa72ea5d153?s=96&d=mm&r=g","contentUrl":"https:\/\/secure.gravatar.com\/avatar\/2d82a344fc8c5bf8fe56df9cbca897eddd43ae86d04b0228884f9aa72ea5d153?s=96&d=mm&r=g","caption":"Paul"},"sameAs":["https:\/\/www.p2-ingenieure.de\/gut"],"url":"https:\/\/www.p2-ingenieure.de\/gut\/author\/paul\/"}]}},"_links":{"self":[{"href":"https:\/\/www.p2-ingenieure.de\/gut\/wp-json\/wp\/v2\/posts\/1740","targetHints":{"allow":["GET"]}}],"collection":[{"href":"https:\/\/www.p2-ingenieure.de\/gut\/wp-json\/wp\/v2\/posts"}],"about":[{"href":"https:\/\/www.p2-ingenieure.de\/gut\/wp-json\/wp\/v2\/types\/post"}],"author":[{"embeddable":true,"href":"https:\/\/www.p2-ingenieure.de\/gut\/wp-json\/wp\/v2\/users\/1"}],"replies":[{"embeddable":true,"href":"https:\/\/www.p2-ingenieure.de\/gut\/wp-json\/wp\/v2\/comments?post=1740"}],"version-history":[{"count":0,"href":"https:\/\/www.p2-ingenieure.de\/gut\/wp-json\/wp\/v2\/posts\/1740\/revisions"}],"wp:featuredmedia":[{"embeddable":true,"href":"https:\/\/www.p2-ingenieure.de\/gut\/wp-json\/wp\/v2\/media\/1486"}],"wp:attachment":[{"href":"https:\/\/www.p2-ingenieure.de\/gut\/wp-json\/wp\/v2\/media?parent=1740"}],"wp:term":[{"taxonomy":"category","embeddable":true,"href":"https:\/\/www.p2-ingenieure.de\/gut\/wp-json\/wp\/v2\/categories?post=1740"},{"taxonomy":"post_tag","embeddable":true,"href":"https:\/\/www.p2-ingenieure.de\/gut\/wp-json\/wp\/v2\/tags?post=1740"},{"taxonomy":"post_series","embeddable":true,"href":"https:\/\/www.p2-ingenieure.de\/gut\/wp-json\/wp\/v2\/post_series?post=1740"}],"curies":[{"name":"wp","href":"https:\/\/api.w.org\/{rel}","templated":true}]}}