{"id":2164,"date":"2020-11-29T15:38:00","date_gmt":"2020-11-29T14:38:00","guid":{"rendered":"https:\/\/www.p2-ingenieure.de\/wordpress\/?p=2164"},"modified":"2020-11-29T15:38:00","modified_gmt":"2020-11-29T14:38:00","slug":"fugen-im-trockenbau-hart-oder-elastisch","status":"publish","type":"post","link":"https:\/\/www.p2-ingenieure.de\/gut\/2020\/11\/29\/fugen-im-trockenbau-hart-oder-elastisch\/","title":{"rendered":"Fugen im Trockenbau &#8211; hart oder elastisch?"},"content":{"rendered":"\n<p><em>Erschienen im November 2020 im <a href=\"http:\/\/www.tagesspiegel.de\">Tagesspiegel<\/a>.<\/em><\/p>\n\n\n\n<h3 class=\"wp-block-heading\">Was steht ins Haus?<\/h3>\n\n\n\n<p>Vor ca. 4 Jahren haben wir eine Dachgeschosswohnung gekauft. Die Verkleidung der Dachkonstruktion und der Zwischenw\u00e4nde erfolgten in Trockenbauweise. Nach ca. 1-2 Jahren rissen einige Fugen dieser Trockenbaukonstruktion auf \u2013 teilweise nur ganz gering, es gibt aber auch deutlich aufklaffende Fugen. Der Bautr\u00e4ger, dem wird dies angezeigt hatten, sagte, es handle sich um elastische Wartungsfugen, die nicht der Gew\u00e4hrleistung unterl\u00e4gen: Wir m\u00fcssten diese selbst sanieren. Nun l\u00e4uft die Gew\u00e4hrleistungsfrist ab, wir sehen nicht ein, dies selbst zu machen.<\/p>\n\n\n\n<h3 class=\"wp-block-heading\">Was steht im Gesetz?<\/h3>\n\n\n\n<p>Die Trockenbauweise erfordert Fugen, da diese leichten W\u00e4nde das Geb\u00e4ude nicht aussteifen. Auch m\u00fcssen Bewegungen, die gerade ein Dachstuhl mitmacht, z.B. aus Windbeanspruchung, von der Trockenbauverkleidung aufgenommen werden. Dies erfolgt i.d.R. in den Fugen, da die Platten selbst starr sind. Dazu kommen Bewegungen aus der Austrocknung des Holzes des Dachstuhls dazu. Das sind einmalige Verformungen, die nach ein paar Jahren abgeschlossen sind, es kann hier durchaus zu gro\u00dfen Fugenverformungen kommen. Die einfachste Art der Fugenausbildung ist das elastische Schlie\u00dfen mit Silikon oder Acryl. Silikon hat den Nachteil, dass es nicht \u00fcberstrichen werden kann, Acryl darf eigentlich nicht beschichtet werden, da die Dispersionsfarbe nicht die Dehnf\u00e4higkeit des Acryls hat. Fugenbewegungen kann das Acryl verkraften, es rei\u00dft dann jedoch die Farbe, was wie ein Riss aussieht. Der Hinweis auf Wartungsfugen, die einen regelm\u00e4\u00dfigen Austausch durch den Nutzer erfordern, wird gerne gegeben, geht technisch jedoch fehl. Eine Wartungsfuge ist eine Fuge, die chemisch oder mechanisch so hoch belastet ist, dass sie regelm\u00e4\u00dfig \u00fcberpr\u00fcft und ggf. ausgetauscht werden muss. Dieser aus der Verglasungsnorm DIN 52460 \u00fcbernommene Begriff wird hier gerne fehlerhaft verwendet. Die in den ersten Jahren unvermeidbaren Verformungen des Dachstuhls k\u00f6nnen als \u201eRestfertigstellung\u201c angesehen werden und unterliegen der Gew\u00e4hrleistung.<\/p>\n\n\n\n<h3 class=\"wp-block-heading\">Und wie stehen Sie dazu?<\/h3>\n\n\n\n<p>Die Gew\u00e4hrleistungsdauer betr\u00e4gt nicht ohne Grund 5 Jahre: Das Geb\u00e4ude setzt sich, trocknet aus, dadurch kommt es unvermeidbar zu Verformungen, die oft zu kleinen Rissen f\u00fchren. Gerade beim Dachgeschossausbau muss dann sp\u00e4ter nachgearbeitet werden. Ggf. w\u00e4ren andere Ausbildungsarten der Fugen (z.B. hart verspachtelt mit Sollrissfuge, verdeckte Schattenfuge) unauff\u00e4lliger gewesen. Der Verweis auf eine Wartungsfuge ist technisch falsch und zur\u00fcck zu weisen. Ursache der Risse ist nicht die Fugenausbildung, sondern sind die unvermeidbaren Verformungen des Dachgeschosses. Wird fachlich richtig konstruiert, sind Fugenausbildungen denkbar, die keine Nacharbeit erfordern, weil sie ausreichende Verformungsm\u00f6glichkeiten bieten oder ein sauberer Riss entlang einer Sollrissfuge nicht als Mangel einzustufen ist.<\/p>\n","protected":false},"excerpt":{"rendered":"<p>Unsch\u00f6ne Risse im Trockenbau sind vermeidbar. Woher Sie kommen und was man dagegen tun sollte. Wann hilft Acryl, wann Silikon? Und welche Gew\u00e4hrleistungs-Pflichten hat der Unternehmer? <\/p>\n","protected":false},"author":1,"featured_media":1226,"comment_status":"closed","ping_status":"open","sticky":false,"template":"page-with-right-sidebar","format":"standard","meta":{"footnotes":""},"categories":[9],"tags":[144,62,16,142,118,57],"post_series":[],"class_list":["post-2164","post","type-post","status-publish","format-standard","has-post-thumbnail","hentry","category-tagesspiegel","tag-din-52460","tag-fugen","tag-gewaehrleistung","tag-haus","tag-mangel","tag-risse","entry","has-media"],"yoast_head":"<!-- This site is optimized with the Yoast SEO plugin v25.9 - https:\/\/yoast.com\/wordpress\/plugins\/seo\/ -->\n<title>Fugen im Trockenbau - hart oder elastisch? - P\u00b2 Ingenieure<\/title>\n<meta name=\"robots\" content=\"index, follow, max-snippet:-1, max-image-preview:large, max-video-preview:-1\" \/>\n<link rel=\"canonical\" href=\"https:\/\/www.p2-ingenieure.de\/gut\/2020\/11\/29\/fugen-im-trockenbau-hart-oder-elastisch\/\" \/>\n<meta property=\"og:locale\" content=\"de_DE\" \/>\n<meta property=\"og:type\" content=\"article\" \/>\n<meta property=\"og:title\" content=\"Fugen im Trockenbau - hart oder elastisch? - P\u00b2 Ingenieure\" \/>\n<meta property=\"og:description\" content=\"Unsch\u00f6ne Risse im Trockenbau sind vermeidbar. Woher Sie kommen und was man dagegen tun sollte. Wann hilft Acryl, wann Silikon? Und welche Gew\u00e4hrleistungs-Pflichten hat der Unternehmer?\" \/>\n<meta property=\"og:url\" content=\"https:\/\/www.p2-ingenieure.de\/gut\/2020\/11\/29\/fugen-im-trockenbau-hart-oder-elastisch\/\" \/>\n<meta property=\"og:site_name\" content=\"P\u00b2 Ingenieure\" \/>\n<meta property=\"article:published_time\" content=\"2020-11-29T14:38:00+00:00\" \/>\n<meta property=\"og:image\" content=\"https:\/\/www.p2-ingenieure.de\/gut\/wp-content\/uploads\/2016\/12\/101_5388-1.jpg\" \/>\n\t<meta property=\"og:image:width\" content=\"1000\" \/>\n\t<meta property=\"og:image:height\" content=\"750\" \/>\n\t<meta property=\"og:image:type\" content=\"image\/jpeg\" \/>\n<meta name=\"author\" content=\"Paul\" \/>\n<meta name=\"twitter:card\" content=\"summary_large_image\" \/>\n<meta name=\"twitter:label1\" content=\"Verfasst von\" \/>\n\t<meta name=\"twitter:data1\" content=\"Paul\" \/>\n\t<meta name=\"twitter:label2\" content=\"Gesch\u00e4tzte Lesezeit\" \/>\n\t<meta name=\"twitter:data2\" content=\"2\u00a0Minuten\" \/>\n<script type=\"application\/ld+json\" class=\"yoast-schema-graph\">{\"@context\":\"https:\/\/schema.org\",\"@graph\":[{\"@type\":\"Article\",\"@id\":\"https:\/\/www.p2-ingenieure.de\/gut\/2020\/11\/29\/fugen-im-trockenbau-hart-oder-elastisch\/#article\",\"isPartOf\":{\"@id\":\"https:\/\/www.p2-ingenieure.de\/gut\/2020\/11\/29\/fugen-im-trockenbau-hart-oder-elastisch\/\"},\"author\":{\"name\":\"Paul\",\"@id\":\"https:\/\/www.p2-ingenieure.de\/gut\/#\/schema\/person\/f97c631d0ec288ddc753f40a90d3809b\"},\"headline\":\"Fugen im Trockenbau &#8211; hart oder elastisch?\",\"datePublished\":\"2020-11-29T14:38:00+00:00\",\"mainEntityOfPage\":{\"@id\":\"https:\/\/www.p2-ingenieure.de\/gut\/2020\/11\/29\/fugen-im-trockenbau-hart-oder-elastisch\/\"},\"wordCount\":430,\"publisher\":{\"@id\":\"https:\/\/www.p2-ingenieure.de\/gut\/#organization\"},\"image\":{\"@id\":\"https:\/\/www.p2-ingenieure.de\/gut\/2020\/11\/29\/fugen-im-trockenbau-hart-oder-elastisch\/#primaryimage\"},\"thumbnailUrl\":\"https:\/\/www.p2-ingenieure.de\/gut\/wp-content\/uploads\/2016\/12\/101_5388-1.jpg\",\"keywords\":[\"DIN 52460\",\"Fugen\",\"Gew\u00e4hrleistung\",\"Haus\",\"Mangel\",\"Risse\"],\"articleSection\":[\"Tagesspiegel\"],\"inLanguage\":\"de\"},{\"@type\":\"WebPage\",\"@id\":\"https:\/\/www.p2-ingenieure.de\/gut\/2020\/11\/29\/fugen-im-trockenbau-hart-oder-elastisch\/\",\"url\":\"https:\/\/www.p2-ingenieure.de\/gut\/2020\/11\/29\/fugen-im-trockenbau-hart-oder-elastisch\/\",\"name\":\"Fugen im Trockenbau - hart oder elastisch? - P\u00b2 Ingenieure\",\"isPartOf\":{\"@id\":\"https:\/\/www.p2-ingenieure.de\/gut\/#website\"},\"primaryImageOfPage\":{\"@id\":\"https:\/\/www.p2-ingenieure.de\/gut\/2020\/11\/29\/fugen-im-trockenbau-hart-oder-elastisch\/#primaryimage\"},\"image\":{\"@id\":\"https:\/\/www.p2-ingenieure.de\/gut\/2020\/11\/29\/fugen-im-trockenbau-hart-oder-elastisch\/#primaryimage\"},\"thumbnailUrl\":\"https:\/\/www.p2-ingenieure.de\/gut\/wp-content\/uploads\/2016\/12\/101_5388-1.jpg\",\"datePublished\":\"2020-11-29T14:38:00+00:00\",\"breadcrumb\":{\"@id\":\"https:\/\/www.p2-ingenieure.de\/gut\/2020\/11\/29\/fugen-im-trockenbau-hart-oder-elastisch\/#breadcrumb\"},\"inLanguage\":\"de\",\"potentialAction\":[{\"@type\":\"ReadAction\",\"target\":[\"https:\/\/www.p2-ingenieure.de\/gut\/2020\/11\/29\/fugen-im-trockenbau-hart-oder-elastisch\/\"]}]},{\"@type\":\"ImageObject\",\"inLanguage\":\"de\",\"@id\":\"https:\/\/www.p2-ingenieure.de\/gut\/2020\/11\/29\/fugen-im-trockenbau-hart-oder-elastisch\/#primaryimage\",\"url\":\"https:\/\/www.p2-ingenieure.de\/gut\/wp-content\/uploads\/2016\/12\/101_5388-1.jpg\",\"contentUrl\":\"https:\/\/www.p2-ingenieure.de\/gut\/wp-content\/uploads\/2016\/12\/101_5388-1.jpg\",\"width\":1000,\"height\":750},{\"@type\":\"BreadcrumbList\",\"@id\":\"https:\/\/www.p2-ingenieure.de\/gut\/2020\/11\/29\/fugen-im-trockenbau-hart-oder-elastisch\/#breadcrumb\",\"itemListElement\":[{\"@type\":\"ListItem\",\"position\":1,\"name\":\"Startseite\",\"item\":\"https:\/\/www.p2-ingenieure.de\/gut\/\"},{\"@type\":\"ListItem\",\"position\":2,\"name\":\"Fugen im Trockenbau &#8211; hart oder elastisch?\"}]},{\"@type\":\"WebSite\",\"@id\":\"https:\/\/www.p2-ingenieure.de\/gut\/#website\",\"url\":\"https:\/\/www.p2-ingenieure.de\/gut\/\",\"name\":\"P\u00b2 Ingenieure\",\"description\":\"Ingenieurb\u00fcro Sabine und Manfred Puche\",\"publisher\":{\"@id\":\"https:\/\/www.p2-ingenieure.de\/gut\/#organization\"},\"potentialAction\":[{\"@type\":\"SearchAction\",\"target\":{\"@type\":\"EntryPoint\",\"urlTemplate\":\"https:\/\/www.p2-ingenieure.de\/gut\/?s={search_term_string}\"},\"query-input\":{\"@type\":\"PropertyValueSpecification\",\"valueRequired\":true,\"valueName\":\"search_term_string\"}}],\"inLanguage\":\"de\"},{\"@type\":\"Organization\",\"@id\":\"https:\/\/www.p2-ingenieure.de\/gut\/#organization\",\"name\":\"P\u00b2 Ingenieure\",\"url\":\"https:\/\/www.p2-ingenieure.de\/gut\/\",\"logo\":{\"@type\":\"ImageObject\",\"inLanguage\":\"de\",\"@id\":\"https:\/\/www.p2-ingenieure.de\/gut\/#\/schema\/logo\/image\/\",\"url\":\"https:\/\/www.p2-ingenieure.de\/gut\/wp-content\/uploads\/2025\/02\/cropped-logo200x200.png\",\"contentUrl\":\"https:\/\/www.p2-ingenieure.de\/gut\/wp-content\/uploads\/2025\/02\/cropped-logo200x200.png\",\"width\":512,\"height\":512,\"caption\":\"P\u00b2 Ingenieure\"},\"image\":{\"@id\":\"https:\/\/www.p2-ingenieure.de\/gut\/#\/schema\/logo\/image\/\"}},{\"@type\":\"Person\",\"@id\":\"https:\/\/www.p2-ingenieure.de\/gut\/#\/schema\/person\/f97c631d0ec288ddc753f40a90d3809b\",\"name\":\"Paul\",\"image\":{\"@type\":\"ImageObject\",\"inLanguage\":\"de\",\"@id\":\"https:\/\/www.p2-ingenieure.de\/gut\/#\/schema\/person\/image\/\",\"url\":\"https:\/\/secure.gravatar.com\/avatar\/2d82a344fc8c5bf8fe56df9cbca897eddd43ae86d04b0228884f9aa72ea5d153?s=96&d=mm&r=g\",\"contentUrl\":\"https:\/\/secure.gravatar.com\/avatar\/2d82a344fc8c5bf8fe56df9cbca897eddd43ae86d04b0228884f9aa72ea5d153?s=96&d=mm&r=g\",\"caption\":\"Paul\"},\"sameAs\":[\"https:\/\/www.p2-ingenieure.de\/gut\"],\"url\":\"https:\/\/www.p2-ingenieure.de\/gut\/author\/paul\/\"}]}<\/script>\n<!-- \/ Yoast SEO plugin. -->","yoast_head_json":{"title":"Fugen im Trockenbau - hart oder elastisch? - P\u00b2 Ingenieure","robots":{"index":"index","follow":"follow","max-snippet":"max-snippet:-1","max-image-preview":"max-image-preview:large","max-video-preview":"max-video-preview:-1"},"canonical":"https:\/\/www.p2-ingenieure.de\/gut\/2020\/11\/29\/fugen-im-trockenbau-hart-oder-elastisch\/","og_locale":"de_DE","og_type":"article","og_title":"Fugen im Trockenbau - hart oder elastisch? - P\u00b2 Ingenieure","og_description":"Unsch\u00f6ne Risse im Trockenbau sind vermeidbar. Woher Sie kommen und was man dagegen tun sollte. Wann hilft Acryl, wann Silikon? Und welche Gew\u00e4hrleistungs-Pflichten hat der Unternehmer?","og_url":"https:\/\/www.p2-ingenieure.de\/gut\/2020\/11\/29\/fugen-im-trockenbau-hart-oder-elastisch\/","og_site_name":"P\u00b2 Ingenieure","article_published_time":"2020-11-29T14:38:00+00:00","og_image":[{"width":1000,"height":750,"url":"https:\/\/www.p2-ingenieure.de\/gut\/wp-content\/uploads\/2016\/12\/101_5388-1.jpg","type":"image\/jpeg"}],"author":"Paul","twitter_card":"summary_large_image","twitter_misc":{"Verfasst von":"Paul","Gesch\u00e4tzte Lesezeit":"2\u00a0Minuten"},"schema":{"@context":"https:\/\/schema.org","@graph":[{"@type":"Article","@id":"https:\/\/www.p2-ingenieure.de\/gut\/2020\/11\/29\/fugen-im-trockenbau-hart-oder-elastisch\/#article","isPartOf":{"@id":"https:\/\/www.p2-ingenieure.de\/gut\/2020\/11\/29\/fugen-im-trockenbau-hart-oder-elastisch\/"},"author":{"name":"Paul","@id":"https:\/\/www.p2-ingenieure.de\/gut\/#\/schema\/person\/f97c631d0ec288ddc753f40a90d3809b"},"headline":"Fugen im Trockenbau &#8211; hart oder elastisch?","datePublished":"2020-11-29T14:38:00+00:00","mainEntityOfPage":{"@id":"https:\/\/www.p2-ingenieure.de\/gut\/2020\/11\/29\/fugen-im-trockenbau-hart-oder-elastisch\/"},"wordCount":430,"publisher":{"@id":"https:\/\/www.p2-ingenieure.de\/gut\/#organization"},"image":{"@id":"https:\/\/www.p2-ingenieure.de\/gut\/2020\/11\/29\/fugen-im-trockenbau-hart-oder-elastisch\/#primaryimage"},"thumbnailUrl":"https:\/\/www.p2-ingenieure.de\/gut\/wp-content\/uploads\/2016\/12\/101_5388-1.jpg","keywords":["DIN 52460","Fugen","Gew\u00e4hrleistung","Haus","Mangel","Risse"],"articleSection":["Tagesspiegel"],"inLanguage":"de"},{"@type":"WebPage","@id":"https:\/\/www.p2-ingenieure.de\/gut\/2020\/11\/29\/fugen-im-trockenbau-hart-oder-elastisch\/","url":"https:\/\/www.p2-ingenieure.de\/gut\/2020\/11\/29\/fugen-im-trockenbau-hart-oder-elastisch\/","name":"Fugen im Trockenbau - hart oder elastisch? - P\u00b2 Ingenieure","isPartOf":{"@id":"https:\/\/www.p2-ingenieure.de\/gut\/#website"},"primaryImageOfPage":{"@id":"https:\/\/www.p2-ingenieure.de\/gut\/2020\/11\/29\/fugen-im-trockenbau-hart-oder-elastisch\/#primaryimage"},"image":{"@id":"https:\/\/www.p2-ingenieure.de\/gut\/2020\/11\/29\/fugen-im-trockenbau-hart-oder-elastisch\/#primaryimage"},"thumbnailUrl":"https:\/\/www.p2-ingenieure.de\/gut\/wp-content\/uploads\/2016\/12\/101_5388-1.jpg","datePublished":"2020-11-29T14:38:00+00:00","breadcrumb":{"@id":"https:\/\/www.p2-ingenieure.de\/gut\/2020\/11\/29\/fugen-im-trockenbau-hart-oder-elastisch\/#breadcrumb"},"inLanguage":"de","potentialAction":[{"@type":"ReadAction","target":["https:\/\/www.p2-ingenieure.de\/gut\/2020\/11\/29\/fugen-im-trockenbau-hart-oder-elastisch\/"]}]},{"@type":"ImageObject","inLanguage":"de","@id":"https:\/\/www.p2-ingenieure.de\/gut\/2020\/11\/29\/fugen-im-trockenbau-hart-oder-elastisch\/#primaryimage","url":"https:\/\/www.p2-ingenieure.de\/gut\/wp-content\/uploads\/2016\/12\/101_5388-1.jpg","contentUrl":"https:\/\/www.p2-ingenieure.de\/gut\/wp-content\/uploads\/2016\/12\/101_5388-1.jpg","width":1000,"height":750},{"@type":"BreadcrumbList","@id":"https:\/\/www.p2-ingenieure.de\/gut\/2020\/11\/29\/fugen-im-trockenbau-hart-oder-elastisch\/#breadcrumb","itemListElement":[{"@type":"ListItem","position":1,"name":"Startseite","item":"https:\/\/www.p2-ingenieure.de\/gut\/"},{"@type":"ListItem","position":2,"name":"Fugen im Trockenbau &#8211; hart oder elastisch?"}]},{"@type":"WebSite","@id":"https:\/\/www.p2-ingenieure.de\/gut\/#website","url":"https:\/\/www.p2-ingenieure.de\/gut\/","name":"P\u00b2 Ingenieure","description":"Ingenieurb\u00fcro Sabine und Manfred Puche","publisher":{"@id":"https:\/\/www.p2-ingenieure.de\/gut\/#organization"},"potentialAction":[{"@type":"SearchAction","target":{"@type":"EntryPoint","urlTemplate":"https:\/\/www.p2-ingenieure.de\/gut\/?s={search_term_string}"},"query-input":{"@type":"PropertyValueSpecification","valueRequired":true,"valueName":"search_term_string"}}],"inLanguage":"de"},{"@type":"Organization","@id":"https:\/\/www.p2-ingenieure.de\/gut\/#organization","name":"P\u00b2 Ingenieure","url":"https:\/\/www.p2-ingenieure.de\/gut\/","logo":{"@type":"ImageObject","inLanguage":"de","@id":"https:\/\/www.p2-ingenieure.de\/gut\/#\/schema\/logo\/image\/","url":"https:\/\/www.p2-ingenieure.de\/gut\/wp-content\/uploads\/2025\/02\/cropped-logo200x200.png","contentUrl":"https:\/\/www.p2-ingenieure.de\/gut\/wp-content\/uploads\/2025\/02\/cropped-logo200x200.png","width":512,"height":512,"caption":"P\u00b2 Ingenieure"},"image":{"@id":"https:\/\/www.p2-ingenieure.de\/gut\/#\/schema\/logo\/image\/"}},{"@type":"Person","@id":"https:\/\/www.p2-ingenieure.de\/gut\/#\/schema\/person\/f97c631d0ec288ddc753f40a90d3809b","name":"Paul","image":{"@type":"ImageObject","inLanguage":"de","@id":"https:\/\/www.p2-ingenieure.de\/gut\/#\/schema\/person\/image\/","url":"https:\/\/secure.gravatar.com\/avatar\/2d82a344fc8c5bf8fe56df9cbca897eddd43ae86d04b0228884f9aa72ea5d153?s=96&d=mm&r=g","contentUrl":"https:\/\/secure.gravatar.com\/avatar\/2d82a344fc8c5bf8fe56df9cbca897eddd43ae86d04b0228884f9aa72ea5d153?s=96&d=mm&r=g","caption":"Paul"},"sameAs":["https:\/\/www.p2-ingenieure.de\/gut"],"url":"https:\/\/www.p2-ingenieure.de\/gut\/author\/paul\/"}]}},"_links":{"self":[{"href":"https:\/\/www.p2-ingenieure.de\/gut\/wp-json\/wp\/v2\/posts\/2164","targetHints":{"allow":["GET"]}}],"collection":[{"href":"https:\/\/www.p2-ingenieure.de\/gut\/wp-json\/wp\/v2\/posts"}],"about":[{"href":"https:\/\/www.p2-ingenieure.de\/gut\/wp-json\/wp\/v2\/types\/post"}],"author":[{"embeddable":true,"href":"https:\/\/www.p2-ingenieure.de\/gut\/wp-json\/wp\/v2\/users\/1"}],"replies":[{"embeddable":true,"href":"https:\/\/www.p2-ingenieure.de\/gut\/wp-json\/wp\/v2\/comments?post=2164"}],"version-history":[{"count":0,"href":"https:\/\/www.p2-ingenieure.de\/gut\/wp-json\/wp\/v2\/posts\/2164\/revisions"}],"wp:featuredmedia":[{"embeddable":true,"href":"https:\/\/www.p2-ingenieure.de\/gut\/wp-json\/wp\/v2\/media\/1226"}],"wp:attachment":[{"href":"https:\/\/www.p2-ingenieure.de\/gut\/wp-json\/wp\/v2\/media?parent=2164"}],"wp:term":[{"taxonomy":"category","embeddable":true,"href":"https:\/\/www.p2-ingenieure.de\/gut\/wp-json\/wp\/v2\/categories?post=2164"},{"taxonomy":"post_tag","embeddable":true,"href":"https:\/\/www.p2-ingenieure.de\/gut\/wp-json\/wp\/v2\/tags?post=2164"},{"taxonomy":"post_series","embeddable":true,"href":"https:\/\/www.p2-ingenieure.de\/gut\/wp-json\/wp\/v2\/post_series?post=2164"}],"curies":[{"name":"wp","href":"https:\/\/api.w.org\/{rel}","templated":true}]}}