{"id":2214,"date":"2021-03-07T12:39:31","date_gmt":"2021-03-07T11:39:31","guid":{"rendered":"https:\/\/www.p2-ingenieure.de\/wordpress\/?p=2214"},"modified":"2021-03-07T12:39:31","modified_gmt":"2021-03-07T11:39:31","slug":"dusche-ebenderdig-oder-wanne","status":"publish","type":"post","link":"https:\/\/www.p2-ingenieure.de\/gut\/2021\/03\/07\/dusche-ebenderdig-oder-wanne\/","title":{"rendered":"Dusche &#8211; Ebenderdig oder Wanne?"},"content":{"rendered":"\n<p><em>Erschienen im M\u00e4rz 2021 im <a href=\"http:\/\/www.tagesspiegel.de\">Tagesspiegel<\/a>.<\/em><\/p>\n\n\n\n<h3 class=\"wp-block-heading\">Was steht ins Haus?<\/h3>\n\n\n\n<p>Derzeit planen wir mit unserer Hausbaufirma den Innenausbau und sind uns bei der Badausstattung unsicher: Soll die Dusche bodengleich gefliest werden oder ist eine Duschtasse die bessere L\u00f6sung? Gegen die Tasse spricht der ca. 15 cm hohe Rand, bei den Bodenfliesen haben wir Sorge, dass diese Ausf\u00fchrung nicht dauerhaft und ggf. nicht dicht ist. Einen Wasserschaden im neuen Haus wollen wir auf jeden Fall vermeiden! Gibt es inzwischen ausreichend Erfahrung mit den gefliesten Duschen und den einzuklebenden Rinnen? Hier kann man ja nicht \u201eunter die Wanne\u201c schauen!<\/p>\n\n\n\n<h3 class=\"wp-block-heading\">Was steht im Gesetz?<\/h3>\n\n\n\n<p>Nachdem jahrzehntelang nur Duschtassen in den B\u00e4dern eingebaut wurden, haben sich in den letzten Jahren die barrierefreien bodengleichen Duschen durchgesetzt. Sie haben den Vorteil beliebiger Gr\u00f6\u00dfe und Form, sind stufenfrei zu betreten und k\u00f6nnen in der Wahl der Fliesen beliebig dem Bad angepasst werden. Die i.d.R. wei\u00dfen Duschtassen sehen doch recht bieder aus. Manchmal passen die verf\u00fcgbaren Gr\u00f6\u00dfen nicht optimal und es wird Platz verschenkt. Bei den Duschtassen (gleiches gilt f\u00fcr die Badewannen) ist das Problem h\u00e4ufig der Rand zu den aufgehenden Fliesen. Hier wird eine breite Silikonfuge aufgebracht, die nach einiger Zeit h\u00e4sslich aussieht, oftmals verschimmelt oder rei\u00dft. Letzteres ist kaum erkennbar, die Verklebung l\u00f6st sich und das Duschwasser l\u00e4uft \u00fcber die Wand hinter und unter die Wanne. Dort befindet sich zwar eine Abdichtung, aber planm\u00e4\u00dfig kein Ablauf. Nur manchmal gibt es Revisionsm\u00f6glichkeiten, z.B. durch den Einlauf, aber eine echte Inspektion ist dort nicht m\u00f6glich. Der Schaden entsteht dann, wenn das Wasser auf der Abdichtung unter den Fliesen bis in den Flur l\u00e4uft. Die Folge ist ein Totalschaden im Bad. Dies kann bei einer bodengleich gefliesten Dusche nicht passieren: Hier werden die Fliesen auf eine wannenartig ausgebildete Abdichtung geklebt, die planm\u00e4\u00dfig \u00fcber den Ablauf entw\u00e4ssert wird. Diese Abdichtung hat eine h\u00f6here Qualit\u00e4t als unter dem Fu\u00dfboden und ist dauerhaft dicht.<\/p>\n\n\n\n<h3 class=\"wp-block-heading\">Und wie stehen Sie dazu?<\/h3>\n\n\n\n<p>Aus funktionaler Sicht bietet sich die geflieste Dusche an, wenngleich das zun\u00e4chst nicht klar ist. Die Duschwanne ist zwar sichtbar dicht, der Wannenrand stellt aber immer noch ein schlecht gel\u00f6stes und stiefm\u00fctterlich behandeltes Bauteil-Detail dar. Sicherer ist daher, das zu umgehen, die Dusche zu fliesen und sich einen Fliesenboden passend zum Bad auszusuchen. Achten Sie auf eine 2- Komponenten- Abdichtung und eine min. ca. 1 cm gegen\u00fcber dem Bad-Boden abgesenkte abgedichtete Wanne im Gef\u00e4lle zum Ablauf. Die anschlie\u00dfend eingelegten Fliesen sch\u00fctzten die Abdichtung und bieten Ihnen zudem eine Rutschsicherheit, die keine Duschwanne aufweist. Wenn die Silikonfugen in den Ecken \u2013 die es nat\u00fcrlich auch gibt &#8211; rei\u00dfen, wird nichts undicht, f\u00fchrt zu keinem Schaden und schimmelt auch nicht so schnell.<\/p>\n","protected":false},"excerpt":{"rendered":"<p>Formst\u00fcck oder gefliest ? Was ist besser?  Wo liegen die T\u00fccken?<\/p>\n","protected":false},"author":1,"featured_media":2216,"comment_status":"closed","ping_status":"open","sticky":false,"template":"page-with-right-sidebar","format":"standard","meta":{"footnotes":""},"categories":[9],"tags":[26,149,51],"post_series":[],"class_list":["post-2214","post","type-post","status-publish","format-standard","has-post-thumbnail","hentry","category-tagesspiegel","tag-abdichtung","tag-dusche","tag-fliesen","entry","has-media"],"yoast_head":"<!-- This site is optimized with the Yoast SEO plugin v25.9 - https:\/\/yoast.com\/wordpress\/plugins\/seo\/ -->\n<title>Dusche - Ebenderdig oder Wanne? - P\u00b2 Ingenieure<\/title>\n<meta name=\"robots\" content=\"index, follow, max-snippet:-1, max-image-preview:large, max-video-preview:-1\" \/>\n<link rel=\"canonical\" href=\"https:\/\/www.p2-ingenieure.de\/gut\/2021\/03\/07\/dusche-ebenderdig-oder-wanne\/\" \/>\n<meta property=\"og:locale\" content=\"de_DE\" \/>\n<meta property=\"og:type\" content=\"article\" \/>\n<meta property=\"og:title\" content=\"Dusche - Ebenderdig oder Wanne? - P\u00b2 Ingenieure\" \/>\n<meta property=\"og:description\" content=\"Formst\u00fcck oder gefliest ? Was ist besser? Wo liegen die T\u00fccken?\" \/>\n<meta property=\"og:url\" content=\"https:\/\/www.p2-ingenieure.de\/gut\/2021\/03\/07\/dusche-ebenderdig-oder-wanne\/\" \/>\n<meta property=\"og:site_name\" content=\"P\u00b2 Ingenieure\" \/>\n<meta property=\"article:published_time\" content=\"2021-03-07T11:39:31+00:00\" \/>\n<meta property=\"og:image\" content=\"https:\/\/www.p2-ingenieure.de\/gut\/wp-content\/uploads\/2021\/03\/shower_andrea-davis-k8TlRnE61dw-unsplash-1.jpg\" \/>\n\t<meta property=\"og:image:width\" content=\"1000\" \/>\n\t<meta property=\"og:image:height\" content=\"500\" \/>\n\t<meta property=\"og:image:type\" content=\"image\/jpeg\" \/>\n<meta name=\"author\" content=\"Paul\" \/>\n<meta name=\"twitter:card\" content=\"summary_large_image\" \/>\n<meta name=\"twitter:label1\" content=\"Verfasst von\" \/>\n\t<meta name=\"twitter:data1\" content=\"Paul\" \/>\n\t<meta name=\"twitter:label2\" content=\"Gesch\u00e4tzte Lesezeit\" \/>\n\t<meta name=\"twitter:data2\" content=\"3\u00a0Minuten\" \/>\n<script type=\"application\/ld+json\" class=\"yoast-schema-graph\">{\"@context\":\"https:\/\/schema.org\",\"@graph\":[{\"@type\":\"Article\",\"@id\":\"https:\/\/www.p2-ingenieure.de\/gut\/2021\/03\/07\/dusche-ebenderdig-oder-wanne\/#article\",\"isPartOf\":{\"@id\":\"https:\/\/www.p2-ingenieure.de\/gut\/2021\/03\/07\/dusche-ebenderdig-oder-wanne\/\"},\"author\":{\"name\":\"Paul\",\"@id\":\"https:\/\/www.p2-ingenieure.de\/gut\/#\/schema\/person\/f97c631d0ec288ddc753f40a90d3809b\"},\"headline\":\"Dusche &#8211; Ebenderdig oder Wanne?\",\"datePublished\":\"2021-03-07T11:39:31+00:00\",\"mainEntityOfPage\":{\"@id\":\"https:\/\/www.p2-ingenieure.de\/gut\/2021\/03\/07\/dusche-ebenderdig-oder-wanne\/\"},\"wordCount\":475,\"publisher\":{\"@id\":\"https:\/\/www.p2-ingenieure.de\/gut\/#organization\"},\"image\":{\"@id\":\"https:\/\/www.p2-ingenieure.de\/gut\/2021\/03\/07\/dusche-ebenderdig-oder-wanne\/#primaryimage\"},\"thumbnailUrl\":\"https:\/\/www.p2-ingenieure.de\/gut\/wp-content\/uploads\/2021\/03\/shower_andrea-davis-k8TlRnE61dw-unsplash-1.jpg\",\"keywords\":[\"Abdichtung\",\"Dusche\",\"Fliesen\"],\"articleSection\":[\"Tagesspiegel\"],\"inLanguage\":\"de\"},{\"@type\":\"WebPage\",\"@id\":\"https:\/\/www.p2-ingenieure.de\/gut\/2021\/03\/07\/dusche-ebenderdig-oder-wanne\/\",\"url\":\"https:\/\/www.p2-ingenieure.de\/gut\/2021\/03\/07\/dusche-ebenderdig-oder-wanne\/\",\"name\":\"Dusche - Ebenderdig oder Wanne? - P\u00b2 Ingenieure\",\"isPartOf\":{\"@id\":\"https:\/\/www.p2-ingenieure.de\/gut\/#website\"},\"primaryImageOfPage\":{\"@id\":\"https:\/\/www.p2-ingenieure.de\/gut\/2021\/03\/07\/dusche-ebenderdig-oder-wanne\/#primaryimage\"},\"image\":{\"@id\":\"https:\/\/www.p2-ingenieure.de\/gut\/2021\/03\/07\/dusche-ebenderdig-oder-wanne\/#primaryimage\"},\"thumbnailUrl\":\"https:\/\/www.p2-ingenieure.de\/gut\/wp-content\/uploads\/2021\/03\/shower_andrea-davis-k8TlRnE61dw-unsplash-1.jpg\",\"datePublished\":\"2021-03-07T11:39:31+00:00\",\"breadcrumb\":{\"@id\":\"https:\/\/www.p2-ingenieure.de\/gut\/2021\/03\/07\/dusche-ebenderdig-oder-wanne\/#breadcrumb\"},\"inLanguage\":\"de\",\"potentialAction\":[{\"@type\":\"ReadAction\",\"target\":[\"https:\/\/www.p2-ingenieure.de\/gut\/2021\/03\/07\/dusche-ebenderdig-oder-wanne\/\"]}]},{\"@type\":\"ImageObject\",\"inLanguage\":\"de\",\"@id\":\"https:\/\/www.p2-ingenieure.de\/gut\/2021\/03\/07\/dusche-ebenderdig-oder-wanne\/#primaryimage\",\"url\":\"https:\/\/www.p2-ingenieure.de\/gut\/wp-content\/uploads\/2021\/03\/shower_andrea-davis-k8TlRnE61dw-unsplash-1.jpg\",\"contentUrl\":\"https:\/\/www.p2-ingenieure.de\/gut\/wp-content\/uploads\/2021\/03\/shower_andrea-davis-k8TlRnE61dw-unsplash-1.jpg\",\"width\":1000,\"height\":500,\"caption\":\"Dusche vor Fliesen\"},{\"@type\":\"BreadcrumbList\",\"@id\":\"https:\/\/www.p2-ingenieure.de\/gut\/2021\/03\/07\/dusche-ebenderdig-oder-wanne\/#breadcrumb\",\"itemListElement\":[{\"@type\":\"ListItem\",\"position\":1,\"name\":\"Startseite\",\"item\":\"https:\/\/www.p2-ingenieure.de\/gut\/\"},{\"@type\":\"ListItem\",\"position\":2,\"name\":\"Dusche &#8211; Ebenderdig oder Wanne?\"}]},{\"@type\":\"WebSite\",\"@id\":\"https:\/\/www.p2-ingenieure.de\/gut\/#website\",\"url\":\"https:\/\/www.p2-ingenieure.de\/gut\/\",\"name\":\"P\u00b2 Ingenieure\",\"description\":\"Ingenieurb\u00fcro Sabine und Manfred Puche\",\"publisher\":{\"@id\":\"https:\/\/www.p2-ingenieure.de\/gut\/#organization\"},\"potentialAction\":[{\"@type\":\"SearchAction\",\"target\":{\"@type\":\"EntryPoint\",\"urlTemplate\":\"https:\/\/www.p2-ingenieure.de\/gut\/?s={search_term_string}\"},\"query-input\":{\"@type\":\"PropertyValueSpecification\",\"valueRequired\":true,\"valueName\":\"search_term_string\"}}],\"inLanguage\":\"de\"},{\"@type\":\"Organization\",\"@id\":\"https:\/\/www.p2-ingenieure.de\/gut\/#organization\",\"name\":\"P\u00b2 Ingenieure\",\"url\":\"https:\/\/www.p2-ingenieure.de\/gut\/\",\"logo\":{\"@type\":\"ImageObject\",\"inLanguage\":\"de\",\"@id\":\"https:\/\/www.p2-ingenieure.de\/gut\/#\/schema\/logo\/image\/\",\"url\":\"https:\/\/www.p2-ingenieure.de\/gut\/wp-content\/uploads\/2025\/02\/cropped-logo200x200.png\",\"contentUrl\":\"https:\/\/www.p2-ingenieure.de\/gut\/wp-content\/uploads\/2025\/02\/cropped-logo200x200.png\",\"width\":512,\"height\":512,\"caption\":\"P\u00b2 Ingenieure\"},\"image\":{\"@id\":\"https:\/\/www.p2-ingenieure.de\/gut\/#\/schema\/logo\/image\/\"}},{\"@type\":\"Person\",\"@id\":\"https:\/\/www.p2-ingenieure.de\/gut\/#\/schema\/person\/f97c631d0ec288ddc753f40a90d3809b\",\"name\":\"Paul\",\"image\":{\"@type\":\"ImageObject\",\"inLanguage\":\"de\",\"@id\":\"https:\/\/www.p2-ingenieure.de\/gut\/#\/schema\/person\/image\/\",\"url\":\"https:\/\/secure.gravatar.com\/avatar\/2d82a344fc8c5bf8fe56df9cbca897eddd43ae86d04b0228884f9aa72ea5d153?s=96&d=mm&r=g\",\"contentUrl\":\"https:\/\/secure.gravatar.com\/avatar\/2d82a344fc8c5bf8fe56df9cbca897eddd43ae86d04b0228884f9aa72ea5d153?s=96&d=mm&r=g\",\"caption\":\"Paul\"},\"sameAs\":[\"https:\/\/www.p2-ingenieure.de\/gut\"],\"url\":\"https:\/\/www.p2-ingenieure.de\/gut\/author\/paul\/\"}]}<\/script>\n<!-- \/ Yoast SEO plugin. -->","yoast_head_json":{"title":"Dusche - Ebenderdig oder Wanne? - P\u00b2 Ingenieure","robots":{"index":"index","follow":"follow","max-snippet":"max-snippet:-1","max-image-preview":"max-image-preview:large","max-video-preview":"max-video-preview:-1"},"canonical":"https:\/\/www.p2-ingenieure.de\/gut\/2021\/03\/07\/dusche-ebenderdig-oder-wanne\/","og_locale":"de_DE","og_type":"article","og_title":"Dusche - Ebenderdig oder Wanne? - P\u00b2 Ingenieure","og_description":"Formst\u00fcck oder gefliest ? Was ist besser? Wo liegen die T\u00fccken?","og_url":"https:\/\/www.p2-ingenieure.de\/gut\/2021\/03\/07\/dusche-ebenderdig-oder-wanne\/","og_site_name":"P\u00b2 Ingenieure","article_published_time":"2021-03-07T11:39:31+00:00","og_image":[{"width":1000,"height":500,"url":"https:\/\/www.p2-ingenieure.de\/gut\/wp-content\/uploads\/2021\/03\/shower_andrea-davis-k8TlRnE61dw-unsplash-1.jpg","type":"image\/jpeg"}],"author":"Paul","twitter_card":"summary_large_image","twitter_misc":{"Verfasst von":"Paul","Gesch\u00e4tzte Lesezeit":"3\u00a0Minuten"},"schema":{"@context":"https:\/\/schema.org","@graph":[{"@type":"Article","@id":"https:\/\/www.p2-ingenieure.de\/gut\/2021\/03\/07\/dusche-ebenderdig-oder-wanne\/#article","isPartOf":{"@id":"https:\/\/www.p2-ingenieure.de\/gut\/2021\/03\/07\/dusche-ebenderdig-oder-wanne\/"},"author":{"name":"Paul","@id":"https:\/\/www.p2-ingenieure.de\/gut\/#\/schema\/person\/f97c631d0ec288ddc753f40a90d3809b"},"headline":"Dusche &#8211; Ebenderdig oder Wanne?","datePublished":"2021-03-07T11:39:31+00:00","mainEntityOfPage":{"@id":"https:\/\/www.p2-ingenieure.de\/gut\/2021\/03\/07\/dusche-ebenderdig-oder-wanne\/"},"wordCount":475,"publisher":{"@id":"https:\/\/www.p2-ingenieure.de\/gut\/#organization"},"image":{"@id":"https:\/\/www.p2-ingenieure.de\/gut\/2021\/03\/07\/dusche-ebenderdig-oder-wanne\/#primaryimage"},"thumbnailUrl":"https:\/\/www.p2-ingenieure.de\/gut\/wp-content\/uploads\/2021\/03\/shower_andrea-davis-k8TlRnE61dw-unsplash-1.jpg","keywords":["Abdichtung","Dusche","Fliesen"],"articleSection":["Tagesspiegel"],"inLanguage":"de"},{"@type":"WebPage","@id":"https:\/\/www.p2-ingenieure.de\/gut\/2021\/03\/07\/dusche-ebenderdig-oder-wanne\/","url":"https:\/\/www.p2-ingenieure.de\/gut\/2021\/03\/07\/dusche-ebenderdig-oder-wanne\/","name":"Dusche - Ebenderdig oder Wanne? - P\u00b2 Ingenieure","isPartOf":{"@id":"https:\/\/www.p2-ingenieure.de\/gut\/#website"},"primaryImageOfPage":{"@id":"https:\/\/www.p2-ingenieure.de\/gut\/2021\/03\/07\/dusche-ebenderdig-oder-wanne\/#primaryimage"},"image":{"@id":"https:\/\/www.p2-ingenieure.de\/gut\/2021\/03\/07\/dusche-ebenderdig-oder-wanne\/#primaryimage"},"thumbnailUrl":"https:\/\/www.p2-ingenieure.de\/gut\/wp-content\/uploads\/2021\/03\/shower_andrea-davis-k8TlRnE61dw-unsplash-1.jpg","datePublished":"2021-03-07T11:39:31+00:00","breadcrumb":{"@id":"https:\/\/www.p2-ingenieure.de\/gut\/2021\/03\/07\/dusche-ebenderdig-oder-wanne\/#breadcrumb"},"inLanguage":"de","potentialAction":[{"@type":"ReadAction","target":["https:\/\/www.p2-ingenieure.de\/gut\/2021\/03\/07\/dusche-ebenderdig-oder-wanne\/"]}]},{"@type":"ImageObject","inLanguage":"de","@id":"https:\/\/www.p2-ingenieure.de\/gut\/2021\/03\/07\/dusche-ebenderdig-oder-wanne\/#primaryimage","url":"https:\/\/www.p2-ingenieure.de\/gut\/wp-content\/uploads\/2021\/03\/shower_andrea-davis-k8TlRnE61dw-unsplash-1.jpg","contentUrl":"https:\/\/www.p2-ingenieure.de\/gut\/wp-content\/uploads\/2021\/03\/shower_andrea-davis-k8TlRnE61dw-unsplash-1.jpg","width":1000,"height":500,"caption":"Dusche vor Fliesen"},{"@type":"BreadcrumbList","@id":"https:\/\/www.p2-ingenieure.de\/gut\/2021\/03\/07\/dusche-ebenderdig-oder-wanne\/#breadcrumb","itemListElement":[{"@type":"ListItem","position":1,"name":"Startseite","item":"https:\/\/www.p2-ingenieure.de\/gut\/"},{"@type":"ListItem","position":2,"name":"Dusche &#8211; Ebenderdig oder Wanne?"}]},{"@type":"WebSite","@id":"https:\/\/www.p2-ingenieure.de\/gut\/#website","url":"https:\/\/www.p2-ingenieure.de\/gut\/","name":"P\u00b2 Ingenieure","description":"Ingenieurb\u00fcro Sabine und Manfred Puche","publisher":{"@id":"https:\/\/www.p2-ingenieure.de\/gut\/#organization"},"potentialAction":[{"@type":"SearchAction","target":{"@type":"EntryPoint","urlTemplate":"https:\/\/www.p2-ingenieure.de\/gut\/?s={search_term_string}"},"query-input":{"@type":"PropertyValueSpecification","valueRequired":true,"valueName":"search_term_string"}}],"inLanguage":"de"},{"@type":"Organization","@id":"https:\/\/www.p2-ingenieure.de\/gut\/#organization","name":"P\u00b2 Ingenieure","url":"https:\/\/www.p2-ingenieure.de\/gut\/","logo":{"@type":"ImageObject","inLanguage":"de","@id":"https:\/\/www.p2-ingenieure.de\/gut\/#\/schema\/logo\/image\/","url":"https:\/\/www.p2-ingenieure.de\/gut\/wp-content\/uploads\/2025\/02\/cropped-logo200x200.png","contentUrl":"https:\/\/www.p2-ingenieure.de\/gut\/wp-content\/uploads\/2025\/02\/cropped-logo200x200.png","width":512,"height":512,"caption":"P\u00b2 Ingenieure"},"image":{"@id":"https:\/\/www.p2-ingenieure.de\/gut\/#\/schema\/logo\/image\/"}},{"@type":"Person","@id":"https:\/\/www.p2-ingenieure.de\/gut\/#\/schema\/person\/f97c631d0ec288ddc753f40a90d3809b","name":"Paul","image":{"@type":"ImageObject","inLanguage":"de","@id":"https:\/\/www.p2-ingenieure.de\/gut\/#\/schema\/person\/image\/","url":"https:\/\/secure.gravatar.com\/avatar\/2d82a344fc8c5bf8fe56df9cbca897eddd43ae86d04b0228884f9aa72ea5d153?s=96&d=mm&r=g","contentUrl":"https:\/\/secure.gravatar.com\/avatar\/2d82a344fc8c5bf8fe56df9cbca897eddd43ae86d04b0228884f9aa72ea5d153?s=96&d=mm&r=g","caption":"Paul"},"sameAs":["https:\/\/www.p2-ingenieure.de\/gut"],"url":"https:\/\/www.p2-ingenieure.de\/gut\/author\/paul\/"}]}},"_links":{"self":[{"href":"https:\/\/www.p2-ingenieure.de\/gut\/wp-json\/wp\/v2\/posts\/2214","targetHints":{"allow":["GET"]}}],"collection":[{"href":"https:\/\/www.p2-ingenieure.de\/gut\/wp-json\/wp\/v2\/posts"}],"about":[{"href":"https:\/\/www.p2-ingenieure.de\/gut\/wp-json\/wp\/v2\/types\/post"}],"author":[{"embeddable":true,"href":"https:\/\/www.p2-ingenieure.de\/gut\/wp-json\/wp\/v2\/users\/1"}],"replies":[{"embeddable":true,"href":"https:\/\/www.p2-ingenieure.de\/gut\/wp-json\/wp\/v2\/comments?post=2214"}],"version-history":[{"count":0,"href":"https:\/\/www.p2-ingenieure.de\/gut\/wp-json\/wp\/v2\/posts\/2214\/revisions"}],"wp:featuredmedia":[{"embeddable":true,"href":"https:\/\/www.p2-ingenieure.de\/gut\/wp-json\/wp\/v2\/media\/2216"}],"wp:attachment":[{"href":"https:\/\/www.p2-ingenieure.de\/gut\/wp-json\/wp\/v2\/media?parent=2214"}],"wp:term":[{"taxonomy":"category","embeddable":true,"href":"https:\/\/www.p2-ingenieure.de\/gut\/wp-json\/wp\/v2\/categories?post=2214"},{"taxonomy":"post_tag","embeddable":true,"href":"https:\/\/www.p2-ingenieure.de\/gut\/wp-json\/wp\/v2\/tags?post=2214"},{"taxonomy":"post_series","embeddable":true,"href":"https:\/\/www.p2-ingenieure.de\/gut\/wp-json\/wp\/v2\/post_series?post=2214"}],"curies":[{"name":"wp","href":"https:\/\/api.w.org\/{rel}","templated":true}]}}