{"id":2240,"date":"2021-07-04T20:30:24","date_gmt":"2021-07-04T19:30:24","guid":{"rendered":"https:\/\/www.p2-ingenieure.de\/wordpress\/?p=2240"},"modified":"2025-03-02T21:02:05","modified_gmt":"2025-03-02T20:02:05","slug":"steil-oder-flachdach","status":"publish","type":"post","link":"https:\/\/www.p2-ingenieure.de\/gut\/2021\/07\/04\/steil-oder-flachdach\/","title":{"rendered":"Steil- oder Flachdach"},"content":{"rendered":"\n<p><em>Erschienen im Mai 2021 im <a href=\"http:\/\/www.tagesspiegel.de\">Tagesspiegel<\/a>.<\/em><\/p>\n\n\n\n<h3 class=\"wp-block-heading\">Was steht ins Haus?<\/h3>\n\n\n\n<p>Im fr\u00fchen Vorfeld der Planung f\u00fcr unser eigenes Heim kommt es in der Familie zur Grundsatzdiskussion: Was soll es sein, ein Steil-oder Flachdach? Welche Dachform ist technisch einfacher umsetzbar und dauerhafter? Gibt es handwerkliche Vor-bzw. Nachteile? Welche Dachform ist weniger mangelanf\u00e4llig? K\u00f6nnen wir bei beiden Dachformen problemlos eine Solaranlage nachr\u00fcsten? Baurechtlich gibt es keine Vorgaben. Das Grundst\u00fcck im Umland ist ausreichend gro\u00df, so dass wir mit dem vorhandenen Baufenster auskommen \u2013 wir k\u00f6nnen uns entwurfstechnisch austoben!<\/p>\n\n\n\n<h3 class=\"wp-block-heading\">Was steht im Gesetz?<\/h3>\n\n\n\n<p>Vor Jahrzehnten wurden statt der Sanierung von Flachd\u00e4chern neue Geschosse aufgesetzt und diese mit einem geneigten Dach gedeckt. Heute sind wir materialtechnisch weiter, so dass die Frage \u201eflach oder steil\u201c anders diskutiert werden kann. Steild\u00e4cher sind regendicht, Flachd\u00e4cher wasserdicht. Die heutigen Materialien der Flachd\u00e4cher sind zuverl\u00e4ssig und halten so lange wie Dachziegel. Die D\u00e4cher k\u00f6nnen problemlos sicher ausgef\u00fchrt werden, Flachd\u00e4cher werden regelm\u00e4\u00dfig zur Abnahme geflutet \u2013 und sind damit nachweislich dicht. Es kommen Bitumenbahnen oder Folien zum Einsatz, die D\u00e4mmung kann unter (Warmdach) oder auf die Abdichtung (Umkehrdach) gelegt werden. Im zweiten Fall ist die Abdichtung gegen die Witterung gesch\u00fctzt, eine robuste Variante. Gedeckte Steild\u00e4cher ben\u00f6tigen zur Regensicherheit Unterd\u00e4cher als D\u00e4mmung oder Bahnen, die eine \u201ezweite Ebene\u201c darstellen. Die inneren Verkleidungen des gegliederten Dachs sind aufwendig \u2013 die Hinterstr\u00f6mung der inneren Luftdichtigkeitsschicht muss vermieden werden: sorgf\u00e4ltige Verklebung ist Pflicht! Wird ein leichtes Holzdach als Flachdach gew\u00e4hlt, treten \u00e4hnliche Schwierigkeiten bei der Bauausf\u00fchrung wie beim Steildach auf: Der Schichtenaufbau von der inneren Luftdichtigkeitsschicht \u00fcber die D\u00e4mmung zur \u00e4u\u00dferen Abdichtung muss genau geplant, bei einer Dachbegr\u00fcnung oder Solaranlage aufwendig berechnet werden, sonst besteht die Gefahr der Durchfeuchtung.<\/p>\n\n\n\n<h3 class=\"wp-block-heading\">Und wie stehen Sie dazu?<\/h3>\n\n\n\n<p>Soll der Dachraum genutzt werden, ist es unter Holzd\u00e4chern im Sommer hei\u00df \u2013 egal, ob steil oder flach. Einen W\u00e4rmepuffer bietet ein massives (Flach)Dach oder der nicht genutzte Steildachbereich. Am schwierigsten sind flache Holzd\u00e4cher. Es bieten sich dann flach geneigte Steild\u00e4cher an, die nicht genutzt werden und als sommerliche W\u00e4rmebremse dienen. Die robustesten D\u00e4cher sind flach, massiv und als Umkehrdach konzipiert. Das traditionelle gedeckte Steildach bietet zus\u00e4tzlichen (Abstell)Platz, ist handwerklich sicher und preisg\u00fcnstig ausf\u00fchrbar. Solarelemente anzubringen, ist problemlos m\u00f6glich, ebenso das sp\u00e4tere Einbringen von Dachfl\u00e4chenfenstern oder Gauben \u2013 das Haus kann \u201emitwachsen\u201c. Hier kann es sich dann anbieten, zur W\u00e4rmepufferung im Sommer Mauerwerksplatten in der Dachebene einzubringen.<\/p>\n","protected":false},"excerpt":{"rendered":"<p>Was ist die bessere Dachform ? Worauf kommt es \u00fcberhaupt an?<\/p>\n","protected":false},"author":1,"featured_media":3134,"comment_status":"closed","ping_status":"open","sticky":false,"template":"","format":"standard","meta":{"footnotes":""},"categories":[9],"tags":[26],"post_series":[],"class_list":["post-2240","post","type-post","status-publish","format-standard","has-post-thumbnail","hentry","category-tagesspiegel","tag-abdichtung","entry","has-media"],"yoast_head":"<!-- This site is optimized with the Yoast SEO plugin v25.9 - https:\/\/yoast.com\/wordpress\/plugins\/seo\/ -->\n<title>Steil- oder Flachdach - P\u00b2 Ingenieure<\/title>\n<meta name=\"robots\" content=\"index, follow, max-snippet:-1, max-image-preview:large, max-video-preview:-1\" \/>\n<link rel=\"canonical\" href=\"https:\/\/www.p2-ingenieure.de\/gut\/2021\/07\/04\/steil-oder-flachdach\/\" \/>\n<meta property=\"og:locale\" content=\"de_DE\" \/>\n<meta property=\"og:type\" content=\"article\" \/>\n<meta property=\"og:title\" content=\"Steil- oder Flachdach - P\u00b2 Ingenieure\" \/>\n<meta property=\"og:description\" content=\"Was ist die bessere Dachform ? Worauf kommt es \u00fcberhaupt an?\" \/>\n<meta property=\"og:url\" content=\"https:\/\/www.p2-ingenieure.de\/gut\/2021\/07\/04\/steil-oder-flachdach\/\" \/>\n<meta property=\"og:site_name\" content=\"P\u00b2 Ingenieure\" \/>\n<meta property=\"article:published_time\" content=\"2021-07-04T19:30:24+00:00\" \/>\n<meta property=\"article:modified_time\" content=\"2025-03-02T20:02:05+00:00\" \/>\n<meta property=\"og:image\" content=\"https:\/\/www.p2-ingenieure.de\/gut\/wp-content\/uploads\/2021\/07\/pexel_dachformen.jpg\" \/>\n\t<meta property=\"og:image:width\" content=\"1500\" \/>\n\t<meta property=\"og:image:height\" content=\"748\" \/>\n\t<meta property=\"og:image:type\" content=\"image\/jpeg\" \/>\n<meta name=\"author\" content=\"Paul\" \/>\n<meta name=\"twitter:card\" content=\"summary_large_image\" \/>\n<meta name=\"twitter:label1\" content=\"Verfasst von\" \/>\n\t<meta name=\"twitter:data1\" content=\"Paul\" \/>\n\t<meta name=\"twitter:label2\" content=\"Gesch\u00e4tzte Lesezeit\" \/>\n\t<meta name=\"twitter:data2\" content=\"3\u00a0Minuten\" \/>\n<script type=\"application\/ld+json\" class=\"yoast-schema-graph\">{\"@context\":\"https:\/\/schema.org\",\"@graph\":[{\"@type\":\"Article\",\"@id\":\"https:\/\/www.p2-ingenieure.de\/gut\/2021\/07\/04\/steil-oder-flachdach\/#article\",\"isPartOf\":{\"@id\":\"https:\/\/www.p2-ingenieure.de\/gut\/2021\/07\/04\/steil-oder-flachdach\/\"},\"author\":{\"name\":\"Paul\",\"@id\":\"https:\/\/www.p2-ingenieure.de\/gut\/#\/schema\/person\/f97c631d0ec288ddc753f40a90d3809b\"},\"headline\":\"Steil- oder Flachdach\",\"datePublished\":\"2021-07-04T19:30:24+00:00\",\"dateModified\":\"2025-03-02T20:02:05+00:00\",\"mainEntityOfPage\":{\"@id\":\"https:\/\/www.p2-ingenieure.de\/gut\/2021\/07\/04\/steil-oder-flachdach\/\"},\"wordCount\":429,\"publisher\":{\"@id\":\"https:\/\/www.p2-ingenieure.de\/gut\/#organization\"},\"image\":{\"@id\":\"https:\/\/www.p2-ingenieure.de\/gut\/2021\/07\/04\/steil-oder-flachdach\/#primaryimage\"},\"thumbnailUrl\":\"https:\/\/www.p2-ingenieure.de\/gut\/wp-content\/uploads\/2021\/07\/pexel_dachformen.jpg\",\"keywords\":[\"Abdichtung\"],\"articleSection\":[\"Tagesspiegel\"],\"inLanguage\":\"de\"},{\"@type\":\"WebPage\",\"@id\":\"https:\/\/www.p2-ingenieure.de\/gut\/2021\/07\/04\/steil-oder-flachdach\/\",\"url\":\"https:\/\/www.p2-ingenieure.de\/gut\/2021\/07\/04\/steil-oder-flachdach\/\",\"name\":\"Steil- oder Flachdach - P\u00b2 Ingenieure\",\"isPartOf\":{\"@id\":\"https:\/\/www.p2-ingenieure.de\/gut\/#website\"},\"primaryImageOfPage\":{\"@id\":\"https:\/\/www.p2-ingenieure.de\/gut\/2021\/07\/04\/steil-oder-flachdach\/#primaryimage\"},\"image\":{\"@id\":\"https:\/\/www.p2-ingenieure.de\/gut\/2021\/07\/04\/steil-oder-flachdach\/#primaryimage\"},\"thumbnailUrl\":\"https:\/\/www.p2-ingenieure.de\/gut\/wp-content\/uploads\/2021\/07\/pexel_dachformen.jpg\",\"datePublished\":\"2021-07-04T19:30:24+00:00\",\"dateModified\":\"2025-03-02T20:02:05+00:00\",\"breadcrumb\":{\"@id\":\"https:\/\/www.p2-ingenieure.de\/gut\/2021\/07\/04\/steil-oder-flachdach\/#breadcrumb\"},\"inLanguage\":\"de\",\"potentialAction\":[{\"@type\":\"ReadAction\",\"target\":[\"https:\/\/www.p2-ingenieure.de\/gut\/2021\/07\/04\/steil-oder-flachdach\/\"]}]},{\"@type\":\"ImageObject\",\"inLanguage\":\"de\",\"@id\":\"https:\/\/www.p2-ingenieure.de\/gut\/2021\/07\/04\/steil-oder-flachdach\/#primaryimage\",\"url\":\"https:\/\/www.p2-ingenieure.de\/gut\/wp-content\/uploads\/2021\/07\/pexel_dachformen.jpg\",\"contentUrl\":\"https:\/\/www.p2-ingenieure.de\/gut\/wp-content\/uploads\/2021\/07\/pexel_dachformen.jpg\",\"width\":1500,\"height\":748,\"caption\":\"Foto von Nikola Kojevi\u0107: https:\/\/www.pexels.com\/de-de\/foto\/luftaufnahme-der-cajnice-moschee-in-bosnien-30894209\/\"},{\"@type\":\"BreadcrumbList\",\"@id\":\"https:\/\/www.p2-ingenieure.de\/gut\/2021\/07\/04\/steil-oder-flachdach\/#breadcrumb\",\"itemListElement\":[{\"@type\":\"ListItem\",\"position\":1,\"name\":\"Startseite\",\"item\":\"https:\/\/www.p2-ingenieure.de\/gut\/\"},{\"@type\":\"ListItem\",\"position\":2,\"name\":\"Steil- oder Flachdach\"}]},{\"@type\":\"WebSite\",\"@id\":\"https:\/\/www.p2-ingenieure.de\/gut\/#website\",\"url\":\"https:\/\/www.p2-ingenieure.de\/gut\/\",\"name\":\"P\u00b2 Ingenieure\",\"description\":\"Ingenieurb\u00fcro Sabine und Manfred Puche\",\"publisher\":{\"@id\":\"https:\/\/www.p2-ingenieure.de\/gut\/#organization\"},\"potentialAction\":[{\"@type\":\"SearchAction\",\"target\":{\"@type\":\"EntryPoint\",\"urlTemplate\":\"https:\/\/www.p2-ingenieure.de\/gut\/?s={search_term_string}\"},\"query-input\":{\"@type\":\"PropertyValueSpecification\",\"valueRequired\":true,\"valueName\":\"search_term_string\"}}],\"inLanguage\":\"de\"},{\"@type\":\"Organization\",\"@id\":\"https:\/\/www.p2-ingenieure.de\/gut\/#organization\",\"name\":\"P\u00b2 Ingenieure\",\"url\":\"https:\/\/www.p2-ingenieure.de\/gut\/\",\"logo\":{\"@type\":\"ImageObject\",\"inLanguage\":\"de\",\"@id\":\"https:\/\/www.p2-ingenieure.de\/gut\/#\/schema\/logo\/image\/\",\"url\":\"https:\/\/www.p2-ingenieure.de\/gut\/wp-content\/uploads\/2025\/02\/cropped-logo200x200.png\",\"contentUrl\":\"https:\/\/www.p2-ingenieure.de\/gut\/wp-content\/uploads\/2025\/02\/cropped-logo200x200.png\",\"width\":512,\"height\":512,\"caption\":\"P\u00b2 Ingenieure\"},\"image\":{\"@id\":\"https:\/\/www.p2-ingenieure.de\/gut\/#\/schema\/logo\/image\/\"}},{\"@type\":\"Person\",\"@id\":\"https:\/\/www.p2-ingenieure.de\/gut\/#\/schema\/person\/f97c631d0ec288ddc753f40a90d3809b\",\"name\":\"Paul\",\"image\":{\"@type\":\"ImageObject\",\"inLanguage\":\"de\",\"@id\":\"https:\/\/www.p2-ingenieure.de\/gut\/#\/schema\/person\/image\/\",\"url\":\"https:\/\/secure.gravatar.com\/avatar\/2d82a344fc8c5bf8fe56df9cbca897eddd43ae86d04b0228884f9aa72ea5d153?s=96&d=mm&r=g\",\"contentUrl\":\"https:\/\/secure.gravatar.com\/avatar\/2d82a344fc8c5bf8fe56df9cbca897eddd43ae86d04b0228884f9aa72ea5d153?s=96&d=mm&r=g\",\"caption\":\"Paul\"},\"sameAs\":[\"https:\/\/www.p2-ingenieure.de\/gut\"],\"url\":\"https:\/\/www.p2-ingenieure.de\/gut\/author\/paul\/\"}]}<\/script>\n<!-- \/ Yoast SEO plugin. -->","yoast_head_json":{"title":"Steil- oder Flachdach - P\u00b2 Ingenieure","robots":{"index":"index","follow":"follow","max-snippet":"max-snippet:-1","max-image-preview":"max-image-preview:large","max-video-preview":"max-video-preview:-1"},"canonical":"https:\/\/www.p2-ingenieure.de\/gut\/2021\/07\/04\/steil-oder-flachdach\/","og_locale":"de_DE","og_type":"article","og_title":"Steil- oder Flachdach - P\u00b2 Ingenieure","og_description":"Was ist die bessere Dachform ? Worauf kommt es \u00fcberhaupt an?","og_url":"https:\/\/www.p2-ingenieure.de\/gut\/2021\/07\/04\/steil-oder-flachdach\/","og_site_name":"P\u00b2 Ingenieure","article_published_time":"2021-07-04T19:30:24+00:00","article_modified_time":"2025-03-02T20:02:05+00:00","og_image":[{"width":1500,"height":748,"url":"https:\/\/www.p2-ingenieure.de\/gut\/wp-content\/uploads\/2021\/07\/pexel_dachformen.jpg","type":"image\/jpeg"}],"author":"Paul","twitter_card":"summary_large_image","twitter_misc":{"Verfasst von":"Paul","Gesch\u00e4tzte Lesezeit":"3\u00a0Minuten"},"schema":{"@context":"https:\/\/schema.org","@graph":[{"@type":"Article","@id":"https:\/\/www.p2-ingenieure.de\/gut\/2021\/07\/04\/steil-oder-flachdach\/#article","isPartOf":{"@id":"https:\/\/www.p2-ingenieure.de\/gut\/2021\/07\/04\/steil-oder-flachdach\/"},"author":{"name":"Paul","@id":"https:\/\/www.p2-ingenieure.de\/gut\/#\/schema\/person\/f97c631d0ec288ddc753f40a90d3809b"},"headline":"Steil- oder Flachdach","datePublished":"2021-07-04T19:30:24+00:00","dateModified":"2025-03-02T20:02:05+00:00","mainEntityOfPage":{"@id":"https:\/\/www.p2-ingenieure.de\/gut\/2021\/07\/04\/steil-oder-flachdach\/"},"wordCount":429,"publisher":{"@id":"https:\/\/www.p2-ingenieure.de\/gut\/#organization"},"image":{"@id":"https:\/\/www.p2-ingenieure.de\/gut\/2021\/07\/04\/steil-oder-flachdach\/#primaryimage"},"thumbnailUrl":"https:\/\/www.p2-ingenieure.de\/gut\/wp-content\/uploads\/2021\/07\/pexel_dachformen.jpg","keywords":["Abdichtung"],"articleSection":["Tagesspiegel"],"inLanguage":"de"},{"@type":"WebPage","@id":"https:\/\/www.p2-ingenieure.de\/gut\/2021\/07\/04\/steil-oder-flachdach\/","url":"https:\/\/www.p2-ingenieure.de\/gut\/2021\/07\/04\/steil-oder-flachdach\/","name":"Steil- oder Flachdach - P\u00b2 Ingenieure","isPartOf":{"@id":"https:\/\/www.p2-ingenieure.de\/gut\/#website"},"primaryImageOfPage":{"@id":"https:\/\/www.p2-ingenieure.de\/gut\/2021\/07\/04\/steil-oder-flachdach\/#primaryimage"},"image":{"@id":"https:\/\/www.p2-ingenieure.de\/gut\/2021\/07\/04\/steil-oder-flachdach\/#primaryimage"},"thumbnailUrl":"https:\/\/www.p2-ingenieure.de\/gut\/wp-content\/uploads\/2021\/07\/pexel_dachformen.jpg","datePublished":"2021-07-04T19:30:24+00:00","dateModified":"2025-03-02T20:02:05+00:00","breadcrumb":{"@id":"https:\/\/www.p2-ingenieure.de\/gut\/2021\/07\/04\/steil-oder-flachdach\/#breadcrumb"},"inLanguage":"de","potentialAction":[{"@type":"ReadAction","target":["https:\/\/www.p2-ingenieure.de\/gut\/2021\/07\/04\/steil-oder-flachdach\/"]}]},{"@type":"ImageObject","inLanguage":"de","@id":"https:\/\/www.p2-ingenieure.de\/gut\/2021\/07\/04\/steil-oder-flachdach\/#primaryimage","url":"https:\/\/www.p2-ingenieure.de\/gut\/wp-content\/uploads\/2021\/07\/pexel_dachformen.jpg","contentUrl":"https:\/\/www.p2-ingenieure.de\/gut\/wp-content\/uploads\/2021\/07\/pexel_dachformen.jpg","width":1500,"height":748,"caption":"Foto von Nikola Kojevi\u0107: https:\/\/www.pexels.com\/de-de\/foto\/luftaufnahme-der-cajnice-moschee-in-bosnien-30894209\/"},{"@type":"BreadcrumbList","@id":"https:\/\/www.p2-ingenieure.de\/gut\/2021\/07\/04\/steil-oder-flachdach\/#breadcrumb","itemListElement":[{"@type":"ListItem","position":1,"name":"Startseite","item":"https:\/\/www.p2-ingenieure.de\/gut\/"},{"@type":"ListItem","position":2,"name":"Steil- oder Flachdach"}]},{"@type":"WebSite","@id":"https:\/\/www.p2-ingenieure.de\/gut\/#website","url":"https:\/\/www.p2-ingenieure.de\/gut\/","name":"P\u00b2 Ingenieure","description":"Ingenieurb\u00fcro Sabine und Manfred Puche","publisher":{"@id":"https:\/\/www.p2-ingenieure.de\/gut\/#organization"},"potentialAction":[{"@type":"SearchAction","target":{"@type":"EntryPoint","urlTemplate":"https:\/\/www.p2-ingenieure.de\/gut\/?s={search_term_string}"},"query-input":{"@type":"PropertyValueSpecification","valueRequired":true,"valueName":"search_term_string"}}],"inLanguage":"de"},{"@type":"Organization","@id":"https:\/\/www.p2-ingenieure.de\/gut\/#organization","name":"P\u00b2 Ingenieure","url":"https:\/\/www.p2-ingenieure.de\/gut\/","logo":{"@type":"ImageObject","inLanguage":"de","@id":"https:\/\/www.p2-ingenieure.de\/gut\/#\/schema\/logo\/image\/","url":"https:\/\/www.p2-ingenieure.de\/gut\/wp-content\/uploads\/2025\/02\/cropped-logo200x200.png","contentUrl":"https:\/\/www.p2-ingenieure.de\/gut\/wp-content\/uploads\/2025\/02\/cropped-logo200x200.png","width":512,"height":512,"caption":"P\u00b2 Ingenieure"},"image":{"@id":"https:\/\/www.p2-ingenieure.de\/gut\/#\/schema\/logo\/image\/"}},{"@type":"Person","@id":"https:\/\/www.p2-ingenieure.de\/gut\/#\/schema\/person\/f97c631d0ec288ddc753f40a90d3809b","name":"Paul","image":{"@type":"ImageObject","inLanguage":"de","@id":"https:\/\/www.p2-ingenieure.de\/gut\/#\/schema\/person\/image\/","url":"https:\/\/secure.gravatar.com\/avatar\/2d82a344fc8c5bf8fe56df9cbca897eddd43ae86d04b0228884f9aa72ea5d153?s=96&d=mm&r=g","contentUrl":"https:\/\/secure.gravatar.com\/avatar\/2d82a344fc8c5bf8fe56df9cbca897eddd43ae86d04b0228884f9aa72ea5d153?s=96&d=mm&r=g","caption":"Paul"},"sameAs":["https:\/\/www.p2-ingenieure.de\/gut"],"url":"https:\/\/www.p2-ingenieure.de\/gut\/author\/paul\/"}]}},"_links":{"self":[{"href":"https:\/\/www.p2-ingenieure.de\/gut\/wp-json\/wp\/v2\/posts\/2240","targetHints":{"allow":["GET"]}}],"collection":[{"href":"https:\/\/www.p2-ingenieure.de\/gut\/wp-json\/wp\/v2\/posts"}],"about":[{"href":"https:\/\/www.p2-ingenieure.de\/gut\/wp-json\/wp\/v2\/types\/post"}],"author":[{"embeddable":true,"href":"https:\/\/www.p2-ingenieure.de\/gut\/wp-json\/wp\/v2\/users\/1"}],"replies":[{"embeddable":true,"href":"https:\/\/www.p2-ingenieure.de\/gut\/wp-json\/wp\/v2\/comments?post=2240"}],"version-history":[{"count":1,"href":"https:\/\/www.p2-ingenieure.de\/gut\/wp-json\/wp\/v2\/posts\/2240\/revisions"}],"predecessor-version":[{"id":3135,"href":"https:\/\/www.p2-ingenieure.de\/gut\/wp-json\/wp\/v2\/posts\/2240\/revisions\/3135"}],"wp:featuredmedia":[{"embeddable":true,"href":"https:\/\/www.p2-ingenieure.de\/gut\/wp-json\/wp\/v2\/media\/3134"}],"wp:attachment":[{"href":"https:\/\/www.p2-ingenieure.de\/gut\/wp-json\/wp\/v2\/media?parent=2240"}],"wp:term":[{"taxonomy":"category","embeddable":true,"href":"https:\/\/www.p2-ingenieure.de\/gut\/wp-json\/wp\/v2\/categories?post=2240"},{"taxonomy":"post_tag","embeddable":true,"href":"https:\/\/www.p2-ingenieure.de\/gut\/wp-json\/wp\/v2\/tags?post=2240"},{"taxonomy":"post_series","embeddable":true,"href":"https:\/\/www.p2-ingenieure.de\/gut\/wp-json\/wp\/v2\/post_series?post=2240"}],"curies":[{"name":"wp","href":"https:\/\/api.w.org\/{rel}","templated":true}]}}