{"id":2319,"date":"2022-10-23T15:27:40","date_gmt":"2022-10-23T14:27:40","guid":{"rendered":"https:\/\/www.p2-ingenieure.de\/wordpress\/?p=2319"},"modified":"2022-10-23T15:27:40","modified_gmt":"2022-10-23T14:27:40","slug":"kratzer-in-fensterscheiben","status":"publish","type":"post","link":"https:\/\/www.p2-ingenieure.de\/gut\/2022\/10\/23\/kratzer-in-fensterscheiben\/","title":{"rendered":"Kratzer in Fensterscheiben"},"content":{"rendered":"\n<p><em>Erschienen im September 2022 im <a href=\"http:\/\/www.tagesspiegel.de\">Tagesspiegel<\/a>.<\/em><\/p>\n\n\n\n<h3 class=\"wp-block-heading\">Was steht ins Haus?<\/h3>\n\n\n\n<p>Bei der Vorbegehung zur Abnahme unserer Eigentumswohnung haben wird den Bautr\u00e4ger auf Kratzer in den Fensterscheiben hingewiesen. Bei Abnahme und Schl\u00fcssel\u00fcbergabe waren noch immer einige Scheiben verkratzt, manche Kratzer nur klein, fast unauff\u00e4llig, andere deutlich erkennbar und genau im Sichtfeld. Uns wurde gesagt, es g\u00e4be eine Richtlinie, nach der Kratzer zu bewerten seien, ein Austausch der jetzt noch verkratzten Scheiben k\u00e4me jedoch nicht infrage. Wir sind hier unsicher, schlie\u00dflich sind es neue Fenster, k\u00f6nnen wir nicht fehlerfreie Scheiben erwarten?<\/p>\n\n\n\n<h3 class=\"wp-block-heading\">Was steht im Gesetz?<\/h3>\n\n\n\n<p>Kratzer in Scheiben sind ein leidiges Thema \u2013 f\u00fcr die Erwerber ebenso wie f\u00fcr die Baustelle. Niemand ist schuld \u2013 und dennoch sind die Scheiben verkratzt. H\u00e4ufig geschieht dies bei den Fassaden \u2013Putzarbeiten und den Reinigungsarbeiten kurz vor der \u00dcbergabe. Die Fenster werden bereits gleich nach Rohbaufertigstellung eingebaut und sind damit w\u00e4hrend der gesamten Ausbauzeit dem rauen Baustellenbetrieb ausgesetzt: Etagenzug\u00e4nge \u00fcber die Ger\u00fcste, Materialtransporte durch die Fenster sowie Schleifstaub beanspruchen die Scheiben, die nicht immer vollst\u00e4ndig gesch\u00fctzt sind. Die Glasindustrie hat eine eigene Warenausgangskontrolle, werkseitige Sch\u00e4den an Scheiben sind selten. Letztlich handelt es sich bei den Kratzern nur um optische M\u00e4ngel, die eigentliche Funktion des Fensters, eine transparenten \u00d6ffnung in der Fassade, ist nicht beeintr\u00e4chtigt: Schall- und W\u00e4rmeschutz werden nicht gemindert. Kratzer in Scheibenmitte sind st\u00f6render als solche am Rand. Auf dieser Basis hat die Glasindustrie eine Bewertungsrichtlinie erarbeitet und die maximale Kratzergr\u00f6\u00dfen festlegt: <strong>\u201eRichtlinie zur Beurteilung der visuellen Qualit\u00e4t von Glas f\u00fcr das Bauwesen\u201c<\/strong>. Diese Richtlinie ist sehr streng, erlaubt z.B. in Scheibenmitte nur Kratzer bis 45 mm L\u00e4nge. Tats\u00e4chlich werden damit nur einzelne Besch\u00e4digungen systematisiert, nicht aber bewertet, in wieweit die Gebrauchstauglichkeit des Fensters insgesamt beeintr\u00e4chtigt ist<\/p>\n\n\n\n<h3 class=\"wp-block-heading\">Und wie stehen Sie dazu?<\/h3>\n\n\n\n<p>Die Kratzer in den Fensterscheiben sind \u00e4rgerlich, da offensichtlich vermeidbar \u2013 jedenfalls trifft den Erwerber keine Schuld. Kleine Kratzer (Haarkratzer) k\u00f6nnen oftmals auspoliert werden, es gibt regelrechte \u201eK\u00fcnstler\u201c f\u00fcr solche Nacharbeiten. Ist dies nicht m\u00f6glich, muss der Mangel bewertet werden: \u201eWie st\u00f6rend ist der Kratzer?\u201c ist gegen den Aufwand eines Austauschs abzuw\u00e4gen. Hier kommt f\u00fcr den Bautr\u00e4ger BGB \u00a7635 \u2013 \u201eUnverh\u00e4ltnism\u00e4\u00dfigkeit der Nacherf\u00fcllung\u201c ins Spiel: er kann es ablehnen, wenn der Aufwand \u201ezu gro\u00df\u201c ist.. Bei \u00fcbergro\u00dfen 3- Scheibenverglasungen muss ein Kran kommen, eine Scheibe f\u00fcr eine Terrassent\u00fcr kostet einige hundert Euro. Hier wird man heute vern\u00fcnftig absch\u00e4tzen, ob eine Minderung vereinbart werden kann, um eine noch funktionierende Scheibe nicht auf den M\u00fcll zu werfen.<\/p>\n","protected":false},"excerpt":{"rendered":"<p>Die Glasscheiben weisen zur Abnahme zum Teil kleine Kratzer auf. Muss ich das akzeptieren?   <\/p>\n","protected":false},"author":1,"featured_media":2320,"comment_status":"closed","ping_status":"open","sticky":false,"template":"page-with-right-sidebar","format":"standard","meta":{"footnotes":""},"categories":[9],"tags":[6,167],"post_series":[],"class_list":["post-2319","post","type-post","status-publish","format-standard","has-post-thumbnail","hentry","category-tagesspiegel","tag-fenster","tag-kratzer","entry","has-media"],"yoast_head":"<!-- This site is optimized with the Yoast SEO plugin v25.9 - https:\/\/yoast.com\/wordpress\/plugins\/seo\/ -->\n<title>Kratzer in Fensterscheiben - P\u00b2 Ingenieure<\/title>\n<meta name=\"robots\" content=\"index, follow, max-snippet:-1, max-image-preview:large, max-video-preview:-1\" \/>\n<link rel=\"canonical\" href=\"https:\/\/www.p2-ingenieure.de\/gut\/2022\/10\/23\/kratzer-in-fensterscheiben\/\" \/>\n<meta property=\"og:locale\" content=\"de_DE\" \/>\n<meta property=\"og:type\" content=\"article\" \/>\n<meta property=\"og:title\" content=\"Kratzer in Fensterscheiben - P\u00b2 Ingenieure\" \/>\n<meta property=\"og:description\" content=\"Die Glasscheiben weisen zur Abnahme zum Teil kleine Kratzer auf. Muss ich das akzeptieren?\" \/>\n<meta property=\"og:url\" content=\"https:\/\/www.p2-ingenieure.de\/gut\/2022\/10\/23\/kratzer-in-fensterscheiben\/\" \/>\n<meta property=\"og:site_name\" content=\"P\u00b2 Ingenieure\" \/>\n<meta property=\"article:published_time\" content=\"2022-10-23T14:27:40+00:00\" \/>\n<meta property=\"og:image\" content=\"https:\/\/www.p2-ingenieure.de\/gut\/wp-content\/uploads\/2022\/10\/pexels-shane-kell-1554615_fenster-1.jpg\" \/>\n\t<meta property=\"og:image:width\" content=\"1200\" \/>\n\t<meta property=\"og:image:height\" content=\"600\" \/>\n\t<meta property=\"og:image:type\" content=\"image\/jpeg\" \/>\n<meta name=\"author\" content=\"Paul\" \/>\n<meta name=\"twitter:card\" content=\"summary_large_image\" \/>\n<meta name=\"twitter:label1\" content=\"Verfasst von\" \/>\n\t<meta name=\"twitter:data1\" content=\"Paul\" \/>\n\t<meta name=\"twitter:label2\" content=\"Gesch\u00e4tzte Lesezeit\" \/>\n\t<meta name=\"twitter:data2\" content=\"3\u00a0Minuten\" \/>\n<script type=\"application\/ld+json\" class=\"yoast-schema-graph\">{\"@context\":\"https:\/\/schema.org\",\"@graph\":[{\"@type\":\"Article\",\"@id\":\"https:\/\/www.p2-ingenieure.de\/gut\/2022\/10\/23\/kratzer-in-fensterscheiben\/#article\",\"isPartOf\":{\"@id\":\"https:\/\/www.p2-ingenieure.de\/gut\/2022\/10\/23\/kratzer-in-fensterscheiben\/\"},\"author\":{\"name\":\"Paul\",\"@id\":\"https:\/\/www.p2-ingenieure.de\/gut\/#\/schema\/person\/f97c631d0ec288ddc753f40a90d3809b\"},\"headline\":\"Kratzer in Fensterscheiben\",\"datePublished\":\"2022-10-23T14:27:40+00:00\",\"mainEntityOfPage\":{\"@id\":\"https:\/\/www.p2-ingenieure.de\/gut\/2022\/10\/23\/kratzer-in-fensterscheiben\/\"},\"wordCount\":444,\"publisher\":{\"@id\":\"https:\/\/www.p2-ingenieure.de\/gut\/#organization\"},\"image\":{\"@id\":\"https:\/\/www.p2-ingenieure.de\/gut\/2022\/10\/23\/kratzer-in-fensterscheiben\/#primaryimage\"},\"thumbnailUrl\":\"https:\/\/www.p2-ingenieure.de\/gut\/wp-content\/uploads\/2022\/10\/pexels-shane-kell-1554615_fenster-1.jpg\",\"keywords\":[\"Fenster\",\"Kratzer\"],\"articleSection\":[\"Tagesspiegel\"],\"inLanguage\":\"de\"},{\"@type\":\"WebPage\",\"@id\":\"https:\/\/www.p2-ingenieure.de\/gut\/2022\/10\/23\/kratzer-in-fensterscheiben\/\",\"url\":\"https:\/\/www.p2-ingenieure.de\/gut\/2022\/10\/23\/kratzer-in-fensterscheiben\/\",\"name\":\"Kratzer in Fensterscheiben - P\u00b2 Ingenieure\",\"isPartOf\":{\"@id\":\"https:\/\/www.p2-ingenieure.de\/gut\/#website\"},\"primaryImageOfPage\":{\"@id\":\"https:\/\/www.p2-ingenieure.de\/gut\/2022\/10\/23\/kratzer-in-fensterscheiben\/#primaryimage\"},\"image\":{\"@id\":\"https:\/\/www.p2-ingenieure.de\/gut\/2022\/10\/23\/kratzer-in-fensterscheiben\/#primaryimage\"},\"thumbnailUrl\":\"https:\/\/www.p2-ingenieure.de\/gut\/wp-content\/uploads\/2022\/10\/pexels-shane-kell-1554615_fenster-1.jpg\",\"datePublished\":\"2022-10-23T14:27:40+00:00\",\"breadcrumb\":{\"@id\":\"https:\/\/www.p2-ingenieure.de\/gut\/2022\/10\/23\/kratzer-in-fensterscheiben\/#breadcrumb\"},\"inLanguage\":\"de\",\"potentialAction\":[{\"@type\":\"ReadAction\",\"target\":[\"https:\/\/www.p2-ingenieure.de\/gut\/2022\/10\/23\/kratzer-in-fensterscheiben\/\"]}]},{\"@type\":\"ImageObject\",\"inLanguage\":\"de\",\"@id\":\"https:\/\/www.p2-ingenieure.de\/gut\/2022\/10\/23\/kratzer-in-fensterscheiben\/#primaryimage\",\"url\":\"https:\/\/www.p2-ingenieure.de\/gut\/wp-content\/uploads\/2022\/10\/pexels-shane-kell-1554615_fenster-1.jpg\",\"contentUrl\":\"https:\/\/www.p2-ingenieure.de\/gut\/wp-content\/uploads\/2022\/10\/pexels-shane-kell-1554615_fenster-1.jpg\",\"width\":1200,\"height\":600,\"caption\":\"Foto von Shane Kell: https:\/\/www.pexels.com\/\"},{\"@type\":\"BreadcrumbList\",\"@id\":\"https:\/\/www.p2-ingenieure.de\/gut\/2022\/10\/23\/kratzer-in-fensterscheiben\/#breadcrumb\",\"itemListElement\":[{\"@type\":\"ListItem\",\"position\":1,\"name\":\"Startseite\",\"item\":\"https:\/\/www.p2-ingenieure.de\/gut\/\"},{\"@type\":\"ListItem\",\"position\":2,\"name\":\"Kratzer in Fensterscheiben\"}]},{\"@type\":\"WebSite\",\"@id\":\"https:\/\/www.p2-ingenieure.de\/gut\/#website\",\"url\":\"https:\/\/www.p2-ingenieure.de\/gut\/\",\"name\":\"P\u00b2 Ingenieure\",\"description\":\"Ingenieurb\u00fcro Sabine und Manfred Puche\",\"publisher\":{\"@id\":\"https:\/\/www.p2-ingenieure.de\/gut\/#organization\"},\"potentialAction\":[{\"@type\":\"SearchAction\",\"target\":{\"@type\":\"EntryPoint\",\"urlTemplate\":\"https:\/\/www.p2-ingenieure.de\/gut\/?s={search_term_string}\"},\"query-input\":{\"@type\":\"PropertyValueSpecification\",\"valueRequired\":true,\"valueName\":\"search_term_string\"}}],\"inLanguage\":\"de\"},{\"@type\":\"Organization\",\"@id\":\"https:\/\/www.p2-ingenieure.de\/gut\/#organization\",\"name\":\"P\u00b2 Ingenieure\",\"url\":\"https:\/\/www.p2-ingenieure.de\/gut\/\",\"logo\":{\"@type\":\"ImageObject\",\"inLanguage\":\"de\",\"@id\":\"https:\/\/www.p2-ingenieure.de\/gut\/#\/schema\/logo\/image\/\",\"url\":\"https:\/\/www.p2-ingenieure.de\/gut\/wp-content\/uploads\/2025\/02\/cropped-logo200x200.png\",\"contentUrl\":\"https:\/\/www.p2-ingenieure.de\/gut\/wp-content\/uploads\/2025\/02\/cropped-logo200x200.png\",\"width\":512,\"height\":512,\"caption\":\"P\u00b2 Ingenieure\"},\"image\":{\"@id\":\"https:\/\/www.p2-ingenieure.de\/gut\/#\/schema\/logo\/image\/\"}},{\"@type\":\"Person\",\"@id\":\"https:\/\/www.p2-ingenieure.de\/gut\/#\/schema\/person\/f97c631d0ec288ddc753f40a90d3809b\",\"name\":\"Paul\",\"image\":{\"@type\":\"ImageObject\",\"inLanguage\":\"de\",\"@id\":\"https:\/\/www.p2-ingenieure.de\/gut\/#\/schema\/person\/image\/\",\"url\":\"https:\/\/secure.gravatar.com\/avatar\/2d82a344fc8c5bf8fe56df9cbca897eddd43ae86d04b0228884f9aa72ea5d153?s=96&d=mm&r=g\",\"contentUrl\":\"https:\/\/secure.gravatar.com\/avatar\/2d82a344fc8c5bf8fe56df9cbca897eddd43ae86d04b0228884f9aa72ea5d153?s=96&d=mm&r=g\",\"caption\":\"Paul\"},\"sameAs\":[\"https:\/\/www.p2-ingenieure.de\/gut\"],\"url\":\"https:\/\/www.p2-ingenieure.de\/gut\/author\/paul\/\"}]}<\/script>\n<!-- \/ Yoast SEO plugin. -->","yoast_head_json":{"title":"Kratzer in Fensterscheiben - P\u00b2 Ingenieure","robots":{"index":"index","follow":"follow","max-snippet":"max-snippet:-1","max-image-preview":"max-image-preview:large","max-video-preview":"max-video-preview:-1"},"canonical":"https:\/\/www.p2-ingenieure.de\/gut\/2022\/10\/23\/kratzer-in-fensterscheiben\/","og_locale":"de_DE","og_type":"article","og_title":"Kratzer in Fensterscheiben - P\u00b2 Ingenieure","og_description":"Die Glasscheiben weisen zur Abnahme zum Teil kleine Kratzer auf. Muss ich das akzeptieren?","og_url":"https:\/\/www.p2-ingenieure.de\/gut\/2022\/10\/23\/kratzer-in-fensterscheiben\/","og_site_name":"P\u00b2 Ingenieure","article_published_time":"2022-10-23T14:27:40+00:00","og_image":[{"width":1200,"height":600,"url":"https:\/\/www.p2-ingenieure.de\/gut\/wp-content\/uploads\/2022\/10\/pexels-shane-kell-1554615_fenster-1.jpg","type":"image\/jpeg"}],"author":"Paul","twitter_card":"summary_large_image","twitter_misc":{"Verfasst von":"Paul","Gesch\u00e4tzte Lesezeit":"3\u00a0Minuten"},"schema":{"@context":"https:\/\/schema.org","@graph":[{"@type":"Article","@id":"https:\/\/www.p2-ingenieure.de\/gut\/2022\/10\/23\/kratzer-in-fensterscheiben\/#article","isPartOf":{"@id":"https:\/\/www.p2-ingenieure.de\/gut\/2022\/10\/23\/kratzer-in-fensterscheiben\/"},"author":{"name":"Paul","@id":"https:\/\/www.p2-ingenieure.de\/gut\/#\/schema\/person\/f97c631d0ec288ddc753f40a90d3809b"},"headline":"Kratzer in Fensterscheiben","datePublished":"2022-10-23T14:27:40+00:00","mainEntityOfPage":{"@id":"https:\/\/www.p2-ingenieure.de\/gut\/2022\/10\/23\/kratzer-in-fensterscheiben\/"},"wordCount":444,"publisher":{"@id":"https:\/\/www.p2-ingenieure.de\/gut\/#organization"},"image":{"@id":"https:\/\/www.p2-ingenieure.de\/gut\/2022\/10\/23\/kratzer-in-fensterscheiben\/#primaryimage"},"thumbnailUrl":"https:\/\/www.p2-ingenieure.de\/gut\/wp-content\/uploads\/2022\/10\/pexels-shane-kell-1554615_fenster-1.jpg","keywords":["Fenster","Kratzer"],"articleSection":["Tagesspiegel"],"inLanguage":"de"},{"@type":"WebPage","@id":"https:\/\/www.p2-ingenieure.de\/gut\/2022\/10\/23\/kratzer-in-fensterscheiben\/","url":"https:\/\/www.p2-ingenieure.de\/gut\/2022\/10\/23\/kratzer-in-fensterscheiben\/","name":"Kratzer in Fensterscheiben - P\u00b2 Ingenieure","isPartOf":{"@id":"https:\/\/www.p2-ingenieure.de\/gut\/#website"},"primaryImageOfPage":{"@id":"https:\/\/www.p2-ingenieure.de\/gut\/2022\/10\/23\/kratzer-in-fensterscheiben\/#primaryimage"},"image":{"@id":"https:\/\/www.p2-ingenieure.de\/gut\/2022\/10\/23\/kratzer-in-fensterscheiben\/#primaryimage"},"thumbnailUrl":"https:\/\/www.p2-ingenieure.de\/gut\/wp-content\/uploads\/2022\/10\/pexels-shane-kell-1554615_fenster-1.jpg","datePublished":"2022-10-23T14:27:40+00:00","breadcrumb":{"@id":"https:\/\/www.p2-ingenieure.de\/gut\/2022\/10\/23\/kratzer-in-fensterscheiben\/#breadcrumb"},"inLanguage":"de","potentialAction":[{"@type":"ReadAction","target":["https:\/\/www.p2-ingenieure.de\/gut\/2022\/10\/23\/kratzer-in-fensterscheiben\/"]}]},{"@type":"ImageObject","inLanguage":"de","@id":"https:\/\/www.p2-ingenieure.de\/gut\/2022\/10\/23\/kratzer-in-fensterscheiben\/#primaryimage","url":"https:\/\/www.p2-ingenieure.de\/gut\/wp-content\/uploads\/2022\/10\/pexels-shane-kell-1554615_fenster-1.jpg","contentUrl":"https:\/\/www.p2-ingenieure.de\/gut\/wp-content\/uploads\/2022\/10\/pexels-shane-kell-1554615_fenster-1.jpg","width":1200,"height":600,"caption":"Foto von Shane Kell: https:\/\/www.pexels.com\/"},{"@type":"BreadcrumbList","@id":"https:\/\/www.p2-ingenieure.de\/gut\/2022\/10\/23\/kratzer-in-fensterscheiben\/#breadcrumb","itemListElement":[{"@type":"ListItem","position":1,"name":"Startseite","item":"https:\/\/www.p2-ingenieure.de\/gut\/"},{"@type":"ListItem","position":2,"name":"Kratzer in Fensterscheiben"}]},{"@type":"WebSite","@id":"https:\/\/www.p2-ingenieure.de\/gut\/#website","url":"https:\/\/www.p2-ingenieure.de\/gut\/","name":"P\u00b2 Ingenieure","description":"Ingenieurb\u00fcro Sabine und Manfred Puche","publisher":{"@id":"https:\/\/www.p2-ingenieure.de\/gut\/#organization"},"potentialAction":[{"@type":"SearchAction","target":{"@type":"EntryPoint","urlTemplate":"https:\/\/www.p2-ingenieure.de\/gut\/?s={search_term_string}"},"query-input":{"@type":"PropertyValueSpecification","valueRequired":true,"valueName":"search_term_string"}}],"inLanguage":"de"},{"@type":"Organization","@id":"https:\/\/www.p2-ingenieure.de\/gut\/#organization","name":"P\u00b2 Ingenieure","url":"https:\/\/www.p2-ingenieure.de\/gut\/","logo":{"@type":"ImageObject","inLanguage":"de","@id":"https:\/\/www.p2-ingenieure.de\/gut\/#\/schema\/logo\/image\/","url":"https:\/\/www.p2-ingenieure.de\/gut\/wp-content\/uploads\/2025\/02\/cropped-logo200x200.png","contentUrl":"https:\/\/www.p2-ingenieure.de\/gut\/wp-content\/uploads\/2025\/02\/cropped-logo200x200.png","width":512,"height":512,"caption":"P\u00b2 Ingenieure"},"image":{"@id":"https:\/\/www.p2-ingenieure.de\/gut\/#\/schema\/logo\/image\/"}},{"@type":"Person","@id":"https:\/\/www.p2-ingenieure.de\/gut\/#\/schema\/person\/f97c631d0ec288ddc753f40a90d3809b","name":"Paul","image":{"@type":"ImageObject","inLanguage":"de","@id":"https:\/\/www.p2-ingenieure.de\/gut\/#\/schema\/person\/image\/","url":"https:\/\/secure.gravatar.com\/avatar\/2d82a344fc8c5bf8fe56df9cbca897eddd43ae86d04b0228884f9aa72ea5d153?s=96&d=mm&r=g","contentUrl":"https:\/\/secure.gravatar.com\/avatar\/2d82a344fc8c5bf8fe56df9cbca897eddd43ae86d04b0228884f9aa72ea5d153?s=96&d=mm&r=g","caption":"Paul"},"sameAs":["https:\/\/www.p2-ingenieure.de\/gut"],"url":"https:\/\/www.p2-ingenieure.de\/gut\/author\/paul\/"}]}},"_links":{"self":[{"href":"https:\/\/www.p2-ingenieure.de\/gut\/wp-json\/wp\/v2\/posts\/2319","targetHints":{"allow":["GET"]}}],"collection":[{"href":"https:\/\/www.p2-ingenieure.de\/gut\/wp-json\/wp\/v2\/posts"}],"about":[{"href":"https:\/\/www.p2-ingenieure.de\/gut\/wp-json\/wp\/v2\/types\/post"}],"author":[{"embeddable":true,"href":"https:\/\/www.p2-ingenieure.de\/gut\/wp-json\/wp\/v2\/users\/1"}],"replies":[{"embeddable":true,"href":"https:\/\/www.p2-ingenieure.de\/gut\/wp-json\/wp\/v2\/comments?post=2319"}],"version-history":[{"count":0,"href":"https:\/\/www.p2-ingenieure.de\/gut\/wp-json\/wp\/v2\/posts\/2319\/revisions"}],"wp:featuredmedia":[{"embeddable":true,"href":"https:\/\/www.p2-ingenieure.de\/gut\/wp-json\/wp\/v2\/media\/2320"}],"wp:attachment":[{"href":"https:\/\/www.p2-ingenieure.de\/gut\/wp-json\/wp\/v2\/media?parent=2319"}],"wp:term":[{"taxonomy":"category","embeddable":true,"href":"https:\/\/www.p2-ingenieure.de\/gut\/wp-json\/wp\/v2\/categories?post=2319"},{"taxonomy":"post_tag","embeddable":true,"href":"https:\/\/www.p2-ingenieure.de\/gut\/wp-json\/wp\/v2\/tags?post=2319"},{"taxonomy":"post_series","embeddable":true,"href":"https:\/\/www.p2-ingenieure.de\/gut\/wp-json\/wp\/v2\/post_series?post=2319"}],"curies":[{"name":"wp","href":"https:\/\/api.w.org\/{rel}","templated":true}]}}